{"id":9633,"date":"2025-01-16T14:22:34","date_gmt":"2025-01-16T11:22:34","guid":{"rendered":"https:\/\/www.egemtv.com\/?p=9633"},"modified":"2025-01-16T14:22:36","modified_gmt":"2025-01-16T11:22:36","slug":"burdurda-aralik-ayinda-261-asayis-olayi-yasandi-5-teror-operasyonu-yapildi","status":"publish","type":"post","link":"https:\/\/www.egemtv.com\/?p=9633","title":{"rendered":"Burdur\u2019da Aral\u0131k ay\u0131nda 261 asayi\u015f olay\u0131 ya\u015fand\u0131, 5 ter\u00f6r operasyonu yap\u0131ld\u0131"},"content":{"rendered":"<p>Burdur\u2019da d\u00fczenlenen g\u00fcvenlik toplant\u0131s\u0131nda, Aral\u0131k ay\u0131nda ger\u00e7ekle\u015ftirilen operasyonlar ve asayi\u015f \u00e7al\u0131\u015fmalar\u0131 kamuoyuyla payla\u015f\u0131ld\u0131. D\u00fczensiz g\u00f6\u00e7, uyu\u015fturucu operasyonlar\u0131 ve sosyal medya denetimleriyle ilgili \u00f6nemli a\u00e7\u0131klamalar yap\u0131ld\u0131.<br \/>\n<br \/>Burdur Valili\u011finde Vali T\u00fclay Baydar Bilgihan ba\u015fkanl\u0131\u011f\u0131nda d\u00fczenlenen Genel G\u00fcvenlik Toplant\u0131s\u0131\u2019nda, \u0130l Emniyet M\u00fcd\u00fcr Vekili Hakan \u00c7i\u011filtepe ve \u0130l Jandarma Komutan\u0131 Albay Mehmet Balc\u0131\u2019n\u0131n kat\u0131l\u0131m\u0131yla Aral\u0131k ay\u0131nda ger\u00e7ekle\u015fen olaylar hakk\u0131nda kamuoyu bilgilendirildi.<br \/>\n<br \/>Burdur\u2019da Aral\u0131k ay\u0131nda ger\u00e7ekle\u015fen olaylar\u0131n a\u00e7\u0131kland\u0131\u011f\u0131, Valilik\u2019te d\u00fczenlenen g\u00fcvenlik toplant\u0131s\u0131nda Vali T\u00fclay Baydar Bilgihan, \u201c3 Aral\u0131k D\u00fcnya Engelliler G\u00fcn\u00fc m\u00fcnasebeti ile \u2019\u0130nsan\u0131 ya\u015fat ki devlet ya\u015fas\u0131n\u2019 d\u00fcsturuyla hareket eden bir medeniyetin mensuplar\u0131 ve her insan\u0131n bir engelli aday\u0131 oldu\u011fu ger\u00e7e\u011finin fark\u0131nda olan bireyler olarak, engelli bireylerimizi hayat\u0131n her alan\u0131na dahil etmek, onlar\u0131 desteklemek, sunulan hizmetleri engelli vatanda\u015flar\u0131m\u0131z i\u00e7in de ula\u015f\u0131labilir hale getirmek k\u0131sacas\u0131 hayata dahil etmek hepimizin g\u00f6revi ve sorumlulu\u011fudur. \u00dclkemiz n\u00fcfusunun yakla\u015f\u0131k y\u00fczde 12\u2019sini olu\u015fturan t\u00fcm engelli vatanda\u015flar\u0131m\u0131z\u0131n D\u00fcnya Engelliler G\u00fcn\u00fc\u2019n\u00fc kutluyor, aileleri ile birlikte mutlu, huzurlu ve sa\u011fl\u0131kl\u0131 g\u00fcnler diliyorum. Ayr\u0131ca 10 Aral\u0131k D\u00fcnya \u0130nsan Haklar\u0131 G\u00fcn\u00fc\u2019n\u00fc kutlayan Vali Baydar Bilgihan 27 Aral\u0131k 1936 y\u0131l\u0131nda vefat eden \u0130stiklal \u015eairimiz Mehmet Akif Ersoy\u2019u \u00f6l\u00fcm\u00fcn\u00fcn 88\u2019inci y\u0131l\u0131nda sayg\u0131 ve rahmet ile an\u0131yorum&#8221; dedi.<\/p>\n<p>Ter\u00f6r \u00f6rg\u00fctlerine y\u00f6nelik 5 operasyon<br \/>\n<br \/>Ter\u00f6rler m\u00fccadelenin h\u0131z kesmeden devam etti\u011fini belirten Vali T\u00fclay Baydar Bilgihan, Aral\u0131k ay\u0131ndan PKK\/KCK ter\u00f6r \u00f6rg\u00fct\u00fc yap\u0131lanmas\u0131na y\u00f6nelik 2 operasyon, FET\u00d6 ter\u00f6r \u00f6rg\u00fct\u00fcne y\u00f6nelik 1 operasyon ve DEA\u015e ter\u00f6r \u00f6rg\u00fct\u00fcne y\u00f6nelik 2 operasyon olmak \u00fczere ter\u00f6r \u00f6rg\u00fctlerine y\u00f6nelik toplam 5 operasyon ger\u00e7ekle\u015ftirildi\u011fini a\u00e7\u0131klad\u0131.<\/p>\n<p>Burdur\u2019da 10 bin 349 yabanc\u0131 uyruklu \u015fah\u0131s ya\u015f\u0131yor<br \/>\n<br \/>D\u00fczensiz g\u00f6\u00e7 hakk\u0131nda da bilgi veren Vali T\u00fclay Baydar Bilgihan, \u201c\u0130limizde 7 bin 806 ge\u00e7ici koruma alt\u0131nda Suriye vatanda\u015f\u0131, bin 491 ikamet izni bulunan yabanc\u0131 \u015fah\u0131s ve bin 52 uluslararas\u0131 koruma alt\u0131nda yabanc\u0131 \u015fah\u0131s olmak \u00fczere toplam 10 bin 349 yasal kal\u0131\u015f hakk\u0131 bulunan yabanc\u0131 \u015fah\u0131s bulunmaktad\u0131r. D\u00fczensiz g\u00f6\u00e7 ile m\u00fccadele kapsam\u0131nda ger\u00e7ekle\u015fen 30 olayda bin 240 yabanc\u0131 \u015fahsa y\u00f6nelik kimlik denetimi ger\u00e7ekle\u015ftirilmi\u015f, d\u00fczensiz g\u00f6\u00e7men stat\u00fcs\u00fcnde oldu\u011fu tespit edilen 432 yabanc\u0131 \u015fah\u0131s hakk\u0131nda gerekli i\u015flem tesis edilmi\u015ftir. Ayr\u0131ca g\u00f6\u00e7men ka\u00e7ak\u00e7\u0131l\u0131\u011f\u0131nda kullan\u0131lan 1 araca el konulmu\u015ftur\u201d ifadesinde bulundu.<\/p>\n<p>Uyu\u015fturucu operasyonlar\u0131nda 7 ki\u015fi tutukland\u0131<br \/>\n<br \/>Burdur\u2019da Aral\u0131k ay\u0131nda uyu\u015fturucu ile m\u00fccadele \u00e7er\u00e7evesinde 37 operasyon ger\u00e7ekle\u015ftirildi\u011fini a\u00e7\u0131klayan Vali Bilgihan, \u201cUyu\u015fturucu imal ve ticaret su\u00e7undan 8, kullanmak ve di\u011fer su\u00e7lardan 29 olmak \u00fczere toplam 37 olay meydana geldi. Meydana gelen olaylarda 22 \u015f\u00fcpheli g\u00f6zalt\u0131na al\u0131nd\u0131, 7 \u015f\u00fcpheli tutukland\u0131, 5 \u015f\u00fcpheli adli kontrol \u015fart\u0131 ile sal\u0131verildi. Yap\u0131lan operasyonlarda; 35,4 gram eroin, 26,4 gram metamfetamin, 13,85 gram bonzai (sentetik kannabinoid) 0,85 gram esrar, 9 adet sentetik ecza ele ge\u00e7irildi\u201d dedi.<\/p>\n<p>Aral\u0131k ay\u0131nda 261 asayi\u015f olay\u0131 ger\u00e7ekle\u015fti<br \/>\n<br \/>2024 y\u0131l\u0131 Aral\u0131k ay\u0131nda ki\u015filere kar\u015f\u0131 212 olay\u0131n meydana geldi\u011fini dile getiren Vali Baydar Bilgihan, olaylarda 2023 y\u0131l\u0131 Aral\u0131k ay\u0131na oranla y\u00fczde 9 azalma meydana geldi\u011fini ve bu olaylar\u0131n tamam\u0131n\u0131n ayd\u0131nlat\u0131ld\u0131\u011f\u0131n\u0131 belirtti. Malvarl\u0131\u011f\u0131na Kar\u015f\u0131  ise 49 olay\u0131n meydana geldi\u011fini a\u00e7\u0131klayan Vali T\u00fclay Baydar Bilgihan, meydana gelen oto h\u0131rs\u0131zl\u0131\u011f\u0131 ve gasp olaylar\u0131nda 2023 y\u0131l\u0131 Aral\u0131k ay\u0131na oranla oto h\u0131rs\u0131zl\u0131\u011f\u0131 su\u00e7unda y\u00fczde 100 azalma, gasp su\u00e7unda ise y\u00fczde 75 azalma sa\u011fland\u0131\u011f\u0131n\u0131 ifade ederek, \u201cAral\u0131k ay\u0131nda i\u00e7erisinde ifadeye y\u00f6nelik 50 \u015fah\u0131s yakalanarak i\u015flem yap\u0131ld\u0131, hapis cezas\u0131na y\u00f6nelik aranan 78 \u015fah\u0131s tutukland\u0131. Toplamda 128 \u015fah\u0131s hakk\u0131nda i\u015flem yap\u0131ld\u0131&#8221; dedi. Ayr\u0131ca, 5 y\u0131l ve \u00fczeri kesinle\u015fmi\u015f hapis cezas\u0131 bulunan 8 \u015fahs\u0131n ise sevk edildi\u011fi adli makamlarca cezaevine g\u00f6nderildi\u011fini a\u00e7\u0131klad\u0131.<br \/>\n<br \/>Ruhsats\u0131z silah ve silah ka\u00e7ak\u00e7\u0131l\u0131\u011f\u0131na y\u00f6nelik yap\u0131lan operasyonlarda 5 tabanca, 3 kurus\u0131k\u0131 tabanca, 1 uzun namlulu t\u00fcfek ve 40 av t\u00fcfe\u011fi olmak \u00fczere toplam 49 silah ele ge\u00e7irilirken, ele ge\u00e7irilen silahlar ile alakal\u0131 olarak 21 \u015fah\u0131s hakk\u0131nda i\u015flem yap\u0131ld\u0131.<\/p>\n<p>68 sosyal medya hesab\u0131 hakk\u0131nda i\u015flem ba\u015flat\u0131ld\u0131<br \/>\n<br \/>&#8220;Aral\u0131k ay\u0131 i\u00e7erisinde ger\u00e7ekle\u015ftirilen sanal devriye faaliyetlerinde asayi\u015f su\u00e7lar\u0131 kapsam\u0131nda 9 ve siber su\u00e7lar kapsam\u0131nda 57 olmak \u00fczere toplam 66 hesab\u0131n yasa d\u0131\u015f\u0131 faaliyet g\u00f6sterdi\u011fi tespit edilerek i\u015flem ba\u015flat\u0131ld\u0131&#8221; diyen Vali Baydar Bilgihan, yasa d\u0131\u015f\u0131 bahis kapsam\u0131nda ger\u00e7ekle\u015ftirilen 1 operasyonda 2 \u015f\u00fcpheli hakk\u0131nda i\u015flem yap\u0131ld\u0131\u011f\u0131n\u0131 s\u00f6yledi.<br \/><\/p>\n","protected":false},"excerpt":{"rendered":"<p>Burdur\u2019da d\u00fczenlenen g\u00fcvenlik toplant\u0131s\u0131nda, Aral\u0131k ay\u0131nda ger\u00e7ekle\u015ftirilen operasyonlar ve asayi\u015f \u00e7al\u0131\u015fmalar\u0131 kamuoyuyla payla\u015f\u0131ld\u0131. D\u00fczensiz g\u00f6\u00e7, uyu\u015fturucu operasyonlar\u0131 ve sosyal medya denetimleriyle ilgili \u00f6nemli a\u00e7\u0131klamalar yap\u0131ld\u0131. Burdur Valili\u011finde Vali T\u00fclay Baydar Bilgihan ba\u015fkanl\u0131\u011f\u0131nda d\u00fczenlenen Genel G\u00fcvenlik Toplant\u0131s\u0131\u2019nda, \u0130l Emniyet M\u00fcd\u00fcr Vekili Hakan \u00c7i\u011filtepe ve \u0130l Jandarma Komutan\u0131 Albay Mehmet Balc\u0131\u2019n\u0131n kat\u0131l\u0131m\u0131yla Aral\u0131k ay\u0131nda ger\u00e7ekle\u015fen olaylar hakk\u0131nda&#8230;<\/p>\n","protected":false},"author":1,"featured_media":9634,"comment_status":"open","ping_status":"open","sticky":false,"template":"","format":"standard","meta":{"_crdt_document":"","footnotes":""},"categories":[5],"tags":[],"class_list":["post-9633","post","type-post","status-publish","format-standard","has-post-thumbnail","hentry","category-asayis"],"_links":{"self":[{"href":"https:\/\/www.egemtv.com\/index.php?rest_route=\/wp\/v2\/posts\/9633","targetHints":{"allow":["GET"]}}],"collection":[{"href":"https:\/\/www.egemtv.com\/index.php?rest_route=\/wp\/v2\/posts"}],"about":[{"href":"https:\/\/www.egemtv.com\/index.php?rest_route=\/wp\/v2\/types\/post"}],"author":[{"embeddable":true,"href":"https:\/\/www.egemtv.com\/index.php?rest_route=\/wp\/v2\/users\/1"}],"replies":[{"embeddable":true,"href":"https:\/\/www.egemtv.com\/index.php?rest_route=%2Fwp%2Fv2%2Fcomments&post=9633"}],"version-history":[{"count":1,"href":"https:\/\/www.egemtv.com\/index.php?rest_route=\/wp\/v2\/posts\/9633\/revisions"}],"predecessor-version":[{"id":9635,"href":"https:\/\/www.egemtv.com\/index.php?rest_route=\/wp\/v2\/posts\/9633\/revisions\/9635"}],"wp:featuredmedia":[{"embeddable":true,"href":"https:\/\/www.egemtv.com\/index.php?rest_route=\/wp\/v2\/media\/9634"}],"wp:attachment":[{"href":"https:\/\/www.egemtv.com\/index.php?rest_route=%2Fwp%2Fv2%2Fmedia&parent=9633"}],"wp:term":[{"taxonomy":"category","embeddable":true,"href":"https:\/\/www.egemtv.com\/index.php?rest_route=%2Fwp%2Fv2%2Fcategories&post=9633"},{"taxonomy":"post_tag","embeddable":true,"href":"https:\/\/www.egemtv.com\/index.php?rest_route=%2Fwp%2Fv2%2Ftags&post=9633"}],"curies":[{"name":"wp","href":"https:\/\/api.w.org\/{rel}","templated":true}]}}