{"id":9624,"date":"2025-01-16T14:05:25","date_gmt":"2025-01-16T11:05:25","guid":{"rendered":"https:\/\/www.egemtv.com\/?p=9624"},"modified":"2025-01-16T14:05:27","modified_gmt":"2025-01-16T11:05:27","slug":"merkezefendi-halk-ekmek-glutensiz-uretime-basladi","status":"publish","type":"post","link":"https:\/\/www.egemtv.com\/?p=9624","title":{"rendered":"Merkezefendi Halk Ekmek gl\u00fctensiz \u00fcretime ba\u015flad\u0131"},"content":{"rendered":"<p>Merkezefendi Belediyesi, vatanda\u015flara verdi\u011fi bir s\u00f6z\u00fc daha yerine getiriyor. Halk sa\u011fl\u0131\u011f\u0131n\u0131 ve ihtiya\u00e7lar\u0131n\u0131 \u00f6n planda tutan Merkezefendi Belediyesi, glutensiz \u00fcr\u00fcnlerin \u00fcretimine ba\u015fl\u0131yor. Ba\u015fkan Do\u011fan, \u201cHem\u015fehrilerimiz glutensiz \u00fcr\u00fcnlere kolayca ula\u015fabilecek\u201d dedi.<\/p>\n<p>Merkezefendi Belediyesi, il\u00e7e genelindeki \u00e7al\u0131\u015fmalar\u0131na h\u0131z kesmeden devam ediyor. Merkezefendi Belediyesi Halk Ekmek Fabrikas\u0131\u2019nda \u00fcretilmeye ba\u015flanan glutensiz \u00fcr\u00fcnlerin deneme \u00fcretimi tamamlanmak \u00fczere. K\u0131sa bir s\u00fcre i\u00e7erisinde vatanda\u015flarla bulu\u015fmas\u0131 planlanan bu \u00fcr\u00fcnler, yak\u0131nda hayata ge\u00e7irilecek olan \u2018Halk Marketler\u2019de sat\u0131\u015fa sunulacak. Verilecek olan bu hizmet ile \u00f6zellikle gl\u00fctensiz beslenmek zorunda olan vatanda\u015flar i\u00e7in b\u00fcy\u00fck bir kolayl\u0131k sa\u011flayacak. Merkezefendi Belediye Ba\u015fkan\u0131 \u015eeniz Do\u011fan da Merkezefendi Halk Ekmek Fabrikas\u0131\u2019na giderek glutensiz \u00fcr\u00fcnlerin deneme \u00fcretimini yerinde inceledi.<\/p>\n<p>\u201cGlutensiz \u00fcr\u00fcnlerimiz raflarda yerini alacak\u201d<br \/>\n<br \/>Sa\u011fl\u0131kl\u0131 ve ekonomik \u00e7\u00f6z\u00fcmler sunarak \u00f6rnek bir \u00e7al\u0131\u015fma sergilediklerini belirten Merkezefendi Belediye Ba\u015fkan\u0131 \u015eeniz Do\u011fan, \u201c\u0130limizde ve il\u00e7emizde ya\u015fayan hem\u015fehrilerimiz \u00e7ok yak\u0131nda a\u00e7\u0131lacak olan \u2018Halk Marketler\u2019 arac\u0131l\u0131\u011f\u0131yla glutensiz \u00fcr\u00fcnlere kolayca ula\u015fabilecek. Hem\u015fehrilerimizin sa\u011fl\u0131kl\u0131, kaliteli ve ekonomik \u00fcr\u00fcnlere eri\u015fimini sa\u011flamak i\u00e7in \u00e7al\u0131\u015fmalar\u0131m\u0131z\u0131 s\u00fcrd\u00fcr\u00fcyoruz. Merkezefendi Halk Ekmek Fabrikas\u0131\u2019nda \u00fcretilen glutensiz \u00fcr\u00fcnlerimiz k\u0131sa s\u00fcrede \u2018Halk Market\u2019 raflar\u0131ndaki yerini alacak. Sa\u011fl\u0131kl\u0131 bir ya\u015fam i\u00e7in att\u0131\u011f\u0131m\u0131z bu ad\u0131m\u0131n, t\u00fcm hem\u015ferilerimize hay\u0131rl\u0131 olmas\u0131n\u0131 diliyorum\u201d ifadelerini kulland\u0131.<br \/><\/p>\n","protected":false},"excerpt":{"rendered":"<p>Merkezefendi Belediyesi, vatanda\u015flara verdi\u011fi bir s\u00f6z\u00fc daha yerine getiriyor. Halk sa\u011fl\u0131\u011f\u0131n\u0131 ve ihtiya\u00e7lar\u0131n\u0131 \u00f6n planda tutan Merkezefendi Belediyesi, glutensiz \u00fcr\u00fcnlerin \u00fcretimine ba\u015fl\u0131yor. Ba\u015fkan Do\u011fan, \u201cHem\u015fehrilerimiz glutensiz \u00fcr\u00fcnlere kolayca ula\u015fabilecek\u201d dedi. Merkezefendi Belediyesi, il\u00e7e genelindeki \u00e7al\u0131\u015fmalar\u0131na h\u0131z kesmeden devam ediyor. Merkezefendi Belediyesi Halk Ekmek Fabrikas\u0131\u2019nda \u00fcretilmeye ba\u015flanan glutensiz \u00fcr\u00fcnlerin deneme \u00fcretimi tamamlanmak \u00fczere. K\u0131sa bir s\u00fcre&#8230;<\/p>\n","protected":false},"author":1,"featured_media":9625,"comment_status":"open","ping_status":"open","sticky":false,"template":"","format":"standard","meta":{"_crdt_document":"","footnotes":""},"categories":[2],"tags":[],"class_list":["post-9624","post","type-post","status-publish","format-standard","has-post-thumbnail","hentry","category-saglik"],"_links":{"self":[{"href":"https:\/\/www.egemtv.com\/index.php?rest_route=\/wp\/v2\/posts\/9624","targetHints":{"allow":["GET"]}}],"collection":[{"href":"https:\/\/www.egemtv.com\/index.php?rest_route=\/wp\/v2\/posts"}],"about":[{"href":"https:\/\/www.egemtv.com\/index.php?rest_route=\/wp\/v2\/types\/post"}],"author":[{"embeddable":true,"href":"https:\/\/www.egemtv.com\/index.php?rest_route=\/wp\/v2\/users\/1"}],"replies":[{"embeddable":true,"href":"https:\/\/www.egemtv.com\/index.php?rest_route=%2Fwp%2Fv2%2Fcomments&post=9624"}],"version-history":[{"count":1,"href":"https:\/\/www.egemtv.com\/index.php?rest_route=\/wp\/v2\/posts\/9624\/revisions"}],"predecessor-version":[{"id":9626,"href":"https:\/\/www.egemtv.com\/index.php?rest_route=\/wp\/v2\/posts\/9624\/revisions\/9626"}],"wp:featuredmedia":[{"embeddable":true,"href":"https:\/\/www.egemtv.com\/index.php?rest_route=\/wp\/v2\/media\/9625"}],"wp:attachment":[{"href":"https:\/\/www.egemtv.com\/index.php?rest_route=%2Fwp%2Fv2%2Fmedia&parent=9624"}],"wp:term":[{"taxonomy":"category","embeddable":true,"href":"https:\/\/www.egemtv.com\/index.php?rest_route=%2Fwp%2Fv2%2Fcategories&post=9624"},{"taxonomy":"post_tag","embeddable":true,"href":"https:\/\/www.egemtv.com\/index.php?rest_route=%2Fwp%2Fv2%2Ftags&post=9624"}],"curies":[{"name":"wp","href":"https:\/\/api.w.org\/{rel}","templated":true}]}}