{"id":95464,"date":"2026-03-27T16:10:35","date_gmt":"2026-03-27T13:10:35","guid":{"rendered":"https:\/\/www.egemtv.com\/?p=95464"},"modified":"2026-03-27T16:10:37","modified_gmt":"2026-03-27T13:10:37","slug":"ak-parti-evciler-ilce-baskani-topraga-verildi","status":"publish","type":"post","link":"https:\/\/www.egemtv.com\/?p=95464","title":{"rendered":"AK Parti Evciler \u0130l\u00e7e Ba\u015fkan\u0131 topra\u011fa verildi"},"content":{"rendered":"<p>Ge\u00e7irdi\u011fi kalp krizi sonras\u0131 ya\u015fam\u0131n\u0131 yitiren Adalet ve Kalk\u0131nma Partisi Evciler \u0130l\u00e7e Ba\u015fkan\u0131 Ali Dede Sava\u015f topra\u011fa verildi.<br \/>\n<br \/>Adalet ve Kalk\u0131nma Partisi Evciler \u0130l\u00e7e Ba\u015fkanl\u0131\u011f\u0131 g\u00f6revini y\u00fcr\u00fcten emekli \u00f6\u011fretmen Ali Dede Sava\u015f hayat\u0131n\u0131 kaybetti. Kalp krizi sonras\u0131 ya\u015fam\u0131n\u0131 yitiren Sava\u015f i\u00e7in il\u00e7e merkezinde cenaze t\u00f6reni yap\u0131ld\u0131. T\u00f6rene AK Parti ve MHP milletvekillerinin yan\u0131 s\u0131ra protokol \u00fcyeleri ile Sava\u015f\u2019\u0131n yak\u0131nlar\u0131 kat\u0131ld\u0131. Sava\u015f k\u0131l\u0131nan cenaze namaz\u0131n\u0131n ard\u0131ndan dualarla son yolculu\u011funa u\u011furland\u0131.<br \/><\/p>\n","protected":false},"excerpt":{"rendered":"<p>Ge\u00e7irdi\u011fi kalp krizi sonras\u0131 ya\u015fam\u0131n\u0131 yitiren Adalet ve Kalk\u0131nma Partisi Evciler \u0130l\u00e7e Ba\u015fkan\u0131 Ali Dede Sava\u015f topra\u011fa verildi. Adalet ve Kalk\u0131nma Partisi Evciler \u0130l\u00e7e Ba\u015fkanl\u0131\u011f\u0131 g\u00f6revini y\u00fcr\u00fcten emekli \u00f6\u011fretmen Ali Dede Sava\u015f hayat\u0131n\u0131 kaybetti. Kalp krizi sonras\u0131 ya\u015fam\u0131n\u0131 yitiren Sava\u015f i\u00e7in il\u00e7e merkezinde cenaze t\u00f6reni yap\u0131ld\u0131. T\u00f6rene AK Parti ve MHP milletvekillerinin yan\u0131 s\u0131ra protokol&#8230;<\/p>\n","protected":false},"author":1,"featured_media":95465,"comment_status":"open","ping_status":"open","sticky":false,"template":"","format":"standard","meta":{"_crdt_document":"","footnotes":""},"categories":[1],"tags":[],"class_list":["post-95464","post","type-post","status-publish","format-standard","has-post-thumbnail","hentry","category-guncel"],"_links":{"self":[{"href":"https:\/\/www.egemtv.com\/index.php?rest_route=\/wp\/v2\/posts\/95464","targetHints":{"allow":["GET"]}}],"collection":[{"href":"https:\/\/www.egemtv.com\/index.php?rest_route=\/wp\/v2\/posts"}],"about":[{"href":"https:\/\/www.egemtv.com\/index.php?rest_route=\/wp\/v2\/types\/post"}],"author":[{"embeddable":true,"href":"https:\/\/www.egemtv.com\/index.php?rest_route=\/wp\/v2\/users\/1"}],"replies":[{"embeddable":true,"href":"https:\/\/www.egemtv.com\/index.php?rest_route=%2Fwp%2Fv2%2Fcomments&post=95464"}],"version-history":[{"count":1,"href":"https:\/\/www.egemtv.com\/index.php?rest_route=\/wp\/v2\/posts\/95464\/revisions"}],"predecessor-version":[{"id":95466,"href":"https:\/\/www.egemtv.com\/index.php?rest_route=\/wp\/v2\/posts\/95464\/revisions\/95466"}],"wp:featuredmedia":[{"embeddable":true,"href":"https:\/\/www.egemtv.com\/index.php?rest_route=\/wp\/v2\/media\/95465"}],"wp:attachment":[{"href":"https:\/\/www.egemtv.com\/index.php?rest_route=%2Fwp%2Fv2%2Fmedia&parent=95464"}],"wp:term":[{"taxonomy":"category","embeddable":true,"href":"https:\/\/www.egemtv.com\/index.php?rest_route=%2Fwp%2Fv2%2Fcategories&post=95464"},{"taxonomy":"post_tag","embeddable":true,"href":"https:\/\/www.egemtv.com\/index.php?rest_route=%2Fwp%2Fv2%2Ftags&post=95464"}],"curies":[{"name":"wp","href":"https:\/\/api.w.org\/{rel}","templated":true}]}}