{"id":95461,"date":"2026-03-27T16:10:33","date_gmt":"2026-03-27T13:10:33","guid":{"rendered":"https:\/\/www.egemtv.com\/?p=95461"},"modified":"2026-03-27T16:10:35","modified_gmt":"2026-03-27T13:10:35","slug":"yakinlarinin-haber-alamadigi-yasli-kadin-balkonda-bulundu","status":"publish","type":"post","link":"https:\/\/www.egemtv.com\/?p=95461","title":{"rendered":"Yak\u0131nlar\u0131n\u0131n haber alamad\u0131\u011f\u0131 ya\u015fl\u0131 kad\u0131n balkonda bulundu"},"content":{"rendered":"<p>Ayd\u0131n\u2019\u0131n Efeler il\u00e7esinde yak\u0131nlar\u0131n\u0131n haber alamad\u0131\u011f\u0131 ya\u015fl\u0131 kad\u0131n ekipler taraf\u0131ndan evinin balkonunda bulundu.<\/p>\n<p>Olay, Me\u015frutiyet Mahallesi Atat\u00fcrk Bulvar\u0131 \u00fczerindeki bir apartmanda saat 15.00 s\u0131ralar\u0131nda meydana geldi. Edinilen bilgiye g\u00f6re, apartman\u0131n 5\u2019inci kat\u0131nda ya\u015fayan ya\u015fl\u0131 kad\u0131ndan bir s\u00fcredir haber alamayan yak\u0131nlar\u0131 durumu 112 Acil \u00c7a\u011fr\u0131 Merkezi\u2019ne bildirdi. \u0130hbar \u00fczerine b\u00f6lgeye sa\u011fl\u0131k, polis ve itfaiye ekipleri sevk edildi. K\u0131sa s\u00fcrede olay yerine gelen polis ekipleri \u00e7ilingir marifeti ile eve girdi. Evde yap\u0131lan aramalarda ev sahibi ya\u015fl\u0131 kad\u0131n evinin balkonunda bulundu. Ya\u015fl\u0131l\u0131\u011fa ba\u011fl\u0131 hastal\u0131klar\u0131 bulundu\u011fu \u00f6\u011frenilen ve sa\u011fl\u0131k ekiplerince ambulansla hastaneye kald\u0131r\u0131lan ya\u015fl\u0131 kad\u0131n\u0131n sa\u011fl\u0131k durumunun iyi oldu\u011fu \u00f6\u011frenildi.<br \/><\/p>\n","protected":false},"excerpt":{"rendered":"<p>Ayd\u0131n\u2019\u0131n Efeler il\u00e7esinde yak\u0131nlar\u0131n\u0131n haber alamad\u0131\u011f\u0131 ya\u015fl\u0131 kad\u0131n ekipler taraf\u0131ndan evinin balkonunda bulundu. Olay, Me\u015frutiyet Mahallesi Atat\u00fcrk Bulvar\u0131 \u00fczerindeki bir apartmanda saat 15.00 s\u0131ralar\u0131nda meydana geldi. Edinilen bilgiye g\u00f6re, apartman\u0131n 5\u2019inci kat\u0131nda ya\u015fayan ya\u015fl\u0131 kad\u0131ndan bir s\u00fcredir haber alamayan yak\u0131nlar\u0131 durumu 112 Acil \u00c7a\u011fr\u0131 Merkezi\u2019ne bildirdi. \u0130hbar \u00fczerine b\u00f6lgeye sa\u011fl\u0131k, polis ve itfaiye ekipleri sevk&#8230;<\/p>\n","protected":false},"author":1,"featured_media":95462,"comment_status":"open","ping_status":"open","sticky":false,"template":"","format":"standard","meta":{"_crdt_document":"","footnotes":""},"categories":[5],"tags":[],"class_list":["post-95461","post","type-post","status-publish","format-standard","has-post-thumbnail","hentry","category-asayis"],"_links":{"self":[{"href":"https:\/\/www.egemtv.com\/index.php?rest_route=\/wp\/v2\/posts\/95461","targetHints":{"allow":["GET"]}}],"collection":[{"href":"https:\/\/www.egemtv.com\/index.php?rest_route=\/wp\/v2\/posts"}],"about":[{"href":"https:\/\/www.egemtv.com\/index.php?rest_route=\/wp\/v2\/types\/post"}],"author":[{"embeddable":true,"href":"https:\/\/www.egemtv.com\/index.php?rest_route=\/wp\/v2\/users\/1"}],"replies":[{"embeddable":true,"href":"https:\/\/www.egemtv.com\/index.php?rest_route=%2Fwp%2Fv2%2Fcomments&post=95461"}],"version-history":[{"count":1,"href":"https:\/\/www.egemtv.com\/index.php?rest_route=\/wp\/v2\/posts\/95461\/revisions"}],"predecessor-version":[{"id":95463,"href":"https:\/\/www.egemtv.com\/index.php?rest_route=\/wp\/v2\/posts\/95461\/revisions\/95463"}],"wp:featuredmedia":[{"embeddable":true,"href":"https:\/\/www.egemtv.com\/index.php?rest_route=\/wp\/v2\/media\/95462"}],"wp:attachment":[{"href":"https:\/\/www.egemtv.com\/index.php?rest_route=%2Fwp%2Fv2%2Fmedia&parent=95461"}],"wp:term":[{"taxonomy":"category","embeddable":true,"href":"https:\/\/www.egemtv.com\/index.php?rest_route=%2Fwp%2Fv2%2Fcategories&post=95461"},{"taxonomy":"post_tag","embeddable":true,"href":"https:\/\/www.egemtv.com\/index.php?rest_route=%2Fwp%2Fv2%2Ftags&post=95461"}],"curies":[{"name":"wp","href":"https:\/\/api.w.org\/{rel}","templated":true}]}}