{"id":95458,"date":"2026-03-27T15:35:50","date_gmt":"2026-03-27T12:35:50","guid":{"rendered":"https:\/\/www.egemtv.com\/?p=95458"},"modified":"2026-03-27T15:35:51","modified_gmt":"2026-03-27T12:35:51","slug":"sehzadelerde-pazarcilar-icin-kura-cekimi-yapildi","status":"publish","type":"post","link":"https:\/\/www.egemtv.com\/?p=95458","title":{"rendered":"\u015eehzadeler\u2019de pazarc\u0131lar i\u00e7in kura \u00e7ekimi yap\u0131ld\u0131"},"content":{"rendered":"<p>Manisa\u2019n\u0131n \u015eehzadeler il\u00e7esinde sal\u0131 g\u00fcnleri kurulan pazaryerinde ger\u00e7ekle\u015ftirilen yeni d\u00fczenleme kapsam\u0131nda, hak sahibi pazarc\u0131lar i\u00e7in yer belirleme kuras\u0131 \u00e7ekildi.<br \/>\n<br \/>Manisa\u2019n\u0131n \u015eehzadeler il\u00e7esinde her sal\u0131 g\u00fcn\u00fc Bedesten \u00f6n\u00fcnde kurulan pazaryerinde hak sahibi pazarc\u0131lar i\u00e7in kura \u00e7ekimi ger\u00e7ekle\u015ftirildi. Tarihi Bedesten Salonu\u2019nda noter huzurunda yap\u0131lan kura \u00e7ekiminde toplam 14 pazarc\u0131n\u0131n sat\u0131\u015f yerleri yeniden belirlendi.<br \/>\n<br \/>Kura \u00e7ekimine \u015eehzadeler Belediyesi yetkililerinin yan\u0131 s\u0131ra Belediye Ba\u015fkan Yard\u0131mc\u0131s\u0131 Emre Halil Esenkaya da kat\u0131ld\u0131. S\u00fcrecin \u015feffaf ve adil bir \u015fekilde y\u00fcr\u00fct\u00fclmesi ad\u0131na noter e\u015fli\u011finde ger\u00e7ekle\u015ftirilen \u00e7ekim, pazarc\u0131lar taraf\u0131ndan da memnuniyetle kar\u015f\u0131land\u0131.<br \/>\n<br \/>Yap\u0131lan yeni d\u00fczenleme ile pazaryeri daha d\u00fczenli bir \u015fekil al\u0131rken yeni yerlerine kavu\u015fan esnaflar\u0131n daha verimli hizmet sunmas\u0131 ama\u00e7lan\u0131yor.<br \/><\/p>\n","protected":false},"excerpt":{"rendered":"<p>Manisa\u2019n\u0131n \u015eehzadeler il\u00e7esinde sal\u0131 g\u00fcnleri kurulan pazaryerinde ger\u00e7ekle\u015ftirilen yeni d\u00fczenleme kapsam\u0131nda, hak sahibi pazarc\u0131lar i\u00e7in yer belirleme kuras\u0131 \u00e7ekildi. Manisa\u2019n\u0131n \u015eehzadeler il\u00e7esinde her sal\u0131 g\u00fcn\u00fc Bedesten \u00f6n\u00fcnde kurulan pazaryerinde hak sahibi pazarc\u0131lar i\u00e7in kura \u00e7ekimi ger\u00e7ekle\u015ftirildi. Tarihi Bedesten Salonu\u2019nda noter huzurunda yap\u0131lan kura \u00e7ekiminde toplam 14 pazarc\u0131n\u0131n sat\u0131\u015f yerleri yeniden belirlendi. Kura \u00e7ekimine \u015eehzadeler Belediyesi&#8230;<\/p>\n","protected":false},"author":1,"featured_media":95459,"comment_status":"open","ping_status":"open","sticky":false,"template":"","format":"standard","meta":{"_crdt_document":"","footnotes":""},"categories":[125],"tags":[],"class_list":["post-95458","post","type-post","status-publish","format-standard","has-post-thumbnail","hentry","category-ekonomi"],"_links":{"self":[{"href":"https:\/\/www.egemtv.com\/index.php?rest_route=\/wp\/v2\/posts\/95458","targetHints":{"allow":["GET"]}}],"collection":[{"href":"https:\/\/www.egemtv.com\/index.php?rest_route=\/wp\/v2\/posts"}],"about":[{"href":"https:\/\/www.egemtv.com\/index.php?rest_route=\/wp\/v2\/types\/post"}],"author":[{"embeddable":true,"href":"https:\/\/www.egemtv.com\/index.php?rest_route=\/wp\/v2\/users\/1"}],"replies":[{"embeddable":true,"href":"https:\/\/www.egemtv.com\/index.php?rest_route=%2Fwp%2Fv2%2Fcomments&post=95458"}],"version-history":[{"count":1,"href":"https:\/\/www.egemtv.com\/index.php?rest_route=\/wp\/v2\/posts\/95458\/revisions"}],"predecessor-version":[{"id":95460,"href":"https:\/\/www.egemtv.com\/index.php?rest_route=\/wp\/v2\/posts\/95458\/revisions\/95460"}],"wp:featuredmedia":[{"embeddable":true,"href":"https:\/\/www.egemtv.com\/index.php?rest_route=\/wp\/v2\/media\/95459"}],"wp:attachment":[{"href":"https:\/\/www.egemtv.com\/index.php?rest_route=%2Fwp%2Fv2%2Fmedia&parent=95458"}],"wp:term":[{"taxonomy":"category","embeddable":true,"href":"https:\/\/www.egemtv.com\/index.php?rest_route=%2Fwp%2Fv2%2Fcategories&post=95458"},{"taxonomy":"post_tag","embeddable":true,"href":"https:\/\/www.egemtv.com\/index.php?rest_route=%2Fwp%2Fv2%2Ftags&post=95458"}],"curies":[{"name":"wp","href":"https:\/\/api.w.org\/{rel}","templated":true}]}}