{"id":95455,"date":"2026-03-27T15:35:49","date_gmt":"2026-03-27T12:35:49","guid":{"rendered":"https:\/\/www.egemtv.com\/?p=95455"},"modified":"2026-03-27T15:35:50","modified_gmt":"2026-03-27T12:35:50","slug":"salihlide-sehit-annesine-son-gorev","status":"publish","type":"post","link":"https:\/\/www.egemtv.com\/?p=95455","title":{"rendered":"Salihli\u2019de \u015fehit annesine son g\u00f6rev"},"content":{"rendered":"<p>Manisa\u2019n\u0131n Salihli il\u00e7esine ba\u011fl\u0131 Adala Mahallesi\u2019nde ya\u015fayan 71 ya\u015f\u0131ndaki \u015fehit annesi \u015eehriye Mal\u00e7uk, tedavi g\u00f6rd\u00fc\u011f\u00fc hastanede hayat\u0131n\u0131 kaybetti. Mal\u00e7uk\u2019un cenazesi k\u0131l\u0131nan cenaze namaz\u0131n\u0131n ard\u0131ndan dualarla son yolculu\u011funa u\u011furland\u0131.<br \/>\n<br \/>1994 y\u0131l\u0131nda Hakkari\u2019nin Y\u00fcksekova il\u00e7esinde \u015fehit d\u00fc\u015fen Piyade Onba\u015f\u0131 Mehmet Mal\u00e7uk\u2019un annesi olan 71 ya\u015f\u0131ndaki \u015eehriye Mal\u00e7uk, tedavi g\u00f6rd\u00fc\u011f\u00fc \u00d6zel Medig\u00fcne\u015f Hastanesi\u2019nde hayat\u0131n\u0131 kaybetti.<br \/>\n<br \/>Ya\u015fl\u0131l\u0131\u011fa ba\u011fl\u0131 organ yetmezli\u011fi nedeniyle ya\u015fam\u0131n\u0131 yitirdi\u011fi \u00f6\u011frenilen Mal\u00e7uk\u2019un vefat\u0131, ailesi ve yak\u0131nlar\u0131n\u0131 yasa bo\u011fdu.<br \/>\n<br \/>\u015eehit annesi \u015eehriye Mal\u00e7uk, Adala Mahallesi Merkez Camisi\u2019nde k\u0131l\u0131nan cenaze namaz\u0131n\u0131n ard\u0131ndan Adala Mezarl\u0131\u011f\u0131\u2019nda topra\u011fa verildi.<br \/>\n<br \/>Cenaze t\u00f6renine Kaymakam Ali G\u00fcldo\u011fan, Belediye Ba\u015fkan Yard\u0131mc\u0131s\u0131 \u0130. Hakk\u0131 Aslan, \u0130l\u00e7e Jandarma Komutan\u0131 Binba\u015f\u0131 Do\u011fukan Karaaslan, T\u00fcrkiye Harp Malul\u00fc Gaziler, \u015eehit Dul ve Yetimleri Derne\u011fi Manisa \u015eube Ba\u015fkan\u0131 Gazi Yusuf K\u0131y\u0131\u015fkan, T\u00fcrkiye Harp Malul\u00fc Gaziler, \u015eehit Dul ve Yetimleri Derne\u011fi Salihli Temsilcisi R\u0131dvan Herey ile birlikte \u00e7ok say\u0131da vatanda\u015f kat\u0131ld\u0131.<br \/><\/p>\n","protected":false},"excerpt":{"rendered":"<p>Manisa\u2019n\u0131n Salihli il\u00e7esine ba\u011fl\u0131 Adala Mahallesi\u2019nde ya\u015fayan 71 ya\u015f\u0131ndaki \u015fehit annesi \u015eehriye Mal\u00e7uk, tedavi g\u00f6rd\u00fc\u011f\u00fc hastanede hayat\u0131n\u0131 kaybetti. Mal\u00e7uk\u2019un cenazesi k\u0131l\u0131nan cenaze namaz\u0131n\u0131n ard\u0131ndan dualarla son yolculu\u011funa u\u011furland\u0131. 1994 y\u0131l\u0131nda Hakkari\u2019nin Y\u00fcksekova il\u00e7esinde \u015fehit d\u00fc\u015fen Piyade Onba\u015f\u0131 Mehmet Mal\u00e7uk\u2019un annesi olan 71 ya\u015f\u0131ndaki \u015eehriye Mal\u00e7uk, tedavi g\u00f6rd\u00fc\u011f\u00fc \u00d6zel Medig\u00fcne\u015f Hastanesi\u2019nde hayat\u0131n\u0131 kaybetti. Ya\u015fl\u0131l\u0131\u011fa ba\u011fl\u0131 organ&#8230;<\/p>\n","protected":false},"author":1,"featured_media":95456,"comment_status":"open","ping_status":"open","sticky":false,"template":"","format":"standard","meta":{"_crdt_document":"","footnotes":""},"categories":[123],"tags":[],"class_list":["post-95455","post","type-post","status-publish","format-standard","has-post-thumbnail","hentry","category-gundem"],"_links":{"self":[{"href":"https:\/\/www.egemtv.com\/index.php?rest_route=\/wp\/v2\/posts\/95455","targetHints":{"allow":["GET"]}}],"collection":[{"href":"https:\/\/www.egemtv.com\/index.php?rest_route=\/wp\/v2\/posts"}],"about":[{"href":"https:\/\/www.egemtv.com\/index.php?rest_route=\/wp\/v2\/types\/post"}],"author":[{"embeddable":true,"href":"https:\/\/www.egemtv.com\/index.php?rest_route=\/wp\/v2\/users\/1"}],"replies":[{"embeddable":true,"href":"https:\/\/www.egemtv.com\/index.php?rest_route=%2Fwp%2Fv2%2Fcomments&post=95455"}],"version-history":[{"count":1,"href":"https:\/\/www.egemtv.com\/index.php?rest_route=\/wp\/v2\/posts\/95455\/revisions"}],"predecessor-version":[{"id":95457,"href":"https:\/\/www.egemtv.com\/index.php?rest_route=\/wp\/v2\/posts\/95455\/revisions\/95457"}],"wp:featuredmedia":[{"embeddable":true,"href":"https:\/\/www.egemtv.com\/index.php?rest_route=\/wp\/v2\/media\/95456"}],"wp:attachment":[{"href":"https:\/\/www.egemtv.com\/index.php?rest_route=%2Fwp%2Fv2%2Fmedia&parent=95455"}],"wp:term":[{"taxonomy":"category","embeddable":true,"href":"https:\/\/www.egemtv.com\/index.php?rest_route=%2Fwp%2Fv2%2Fcategories&post=95455"},{"taxonomy":"post_tag","embeddable":true,"href":"https:\/\/www.egemtv.com\/index.php?rest_route=%2Fwp%2Fv2%2Ftags&post=95455"}],"curies":[{"name":"wp","href":"https:\/\/api.w.org\/{rel}","templated":true}]}}