{"id":95452,"date":"2026-03-27T15:35:47","date_gmt":"2026-03-27T12:35:47","guid":{"rendered":"https:\/\/www.egemtv.com\/?p=95452"},"modified":"2026-03-27T15:35:49","modified_gmt":"2026-03-27T12:35:49","slug":"bayindirda-ureticilere-zeytin-fidani-destegi","status":"publish","type":"post","link":"https:\/\/www.egemtv.com\/?p=95452","title":{"rendered":"Bay\u0131nd\u0131r\u2019da \u00fcreticilere zeytin fidan\u0131 deste\u011fi"},"content":{"rendered":"<p>\u0130zmir\u2019in Bay\u0131nd\u0131r il\u00e7esinde, \u00fcreticilere y\u00f6nelik destekler kapsam\u0131nda zeytin fidan\u0131 da\u011f\u0131t\u0131m\u0131 ger\u00e7ekle\u015ftirildi. Bay\u0131nd\u0131r Ziraat Odas\u0131 Ba\u015fkan\u0131 Mehmet Gelir, \u00fcreticilerden gelen talepler do\u011frultusunda temin edilen zeytin fidanlar\u0131n\u0131n \u00e7ift\u00e7ilere teslim edildi\u011fini a\u00e7\u0131klad\u0131.<br \/>\n<br \/>Bay\u0131nd\u0131r Ziraat Odas\u0131 Ba\u015fkan\u0131 Mehmet Gelir, yapt\u0131\u011f\u0131 a\u00e7\u0131klamada, tar\u0131msal \u00fcretimi desteklemeye y\u00f6nelik \u00e7al\u0131\u015fmalar\u0131n aral\u0131ks\u0131z s\u00fcrd\u00fc\u011f\u00fcn\u00fc belirterek, &#8220;\u00dcreticilerimizin ihtiya\u00e7lar\u0131n\u0131 kar\u015f\u0131lamaya devam ediyoruz. Bu kapsamda zeytin fidan\u0131 taleplerini yerine getirerek \u00e7ift\u00e7ilerimize ula\u015ft\u0131rd\u0131k&#8221; dedi.<br \/>\n<br \/>\u00c7ift\u00e7ilerin her zaman yan\u0131nda olduklar\u0131n\u0131 vurgulayan Gelir, topra\u011fa de\u011fer katan ve \u00fcretime katk\u0131 sa\u011flayan her ad\u0131mda desteklerini s\u00fcrd\u00fcreceklerini ifade etti. Bereketli bir gelecek i\u00e7in \u00e7al\u0131\u015fmalar\u0131n devam edece\u011fini belirten Gelir, \u00fcreticilerle i\u00e7 i\u00e7e bir y\u00f6netim anlay\u0131\u015f\u0131 benimsediklerini dile getirdi.<br \/>\n<br \/>Bay\u0131nd\u0131r Ziraat Odas\u0131\u2019n\u0131n, \u00fcreticilerin taleplerine kulak vererek hizmet etmeye devam edece\u011fini kaydeden Gelir, &#8220;Birlikte \u00fcretmeye, birlikte b\u00fcy\u00fcmeye devam edece\u011fiz&#8221; ifadelerini kulland\u0131.<br \/><\/p>\n","protected":false},"excerpt":{"rendered":"<p>\u0130zmir\u2019in Bay\u0131nd\u0131r il\u00e7esinde, \u00fcreticilere y\u00f6nelik destekler kapsam\u0131nda zeytin fidan\u0131 da\u011f\u0131t\u0131m\u0131 ger\u00e7ekle\u015ftirildi. Bay\u0131nd\u0131r Ziraat Odas\u0131 Ba\u015fkan\u0131 Mehmet Gelir, \u00fcreticilerden gelen talepler do\u011frultusunda temin edilen zeytin fidanlar\u0131n\u0131n \u00e7ift\u00e7ilere teslim edildi\u011fini a\u00e7\u0131klad\u0131. Bay\u0131nd\u0131r Ziraat Odas\u0131 Ba\u015fkan\u0131 Mehmet Gelir, yapt\u0131\u011f\u0131 a\u00e7\u0131klamada, tar\u0131msal \u00fcretimi desteklemeye y\u00f6nelik \u00e7al\u0131\u015fmalar\u0131n aral\u0131ks\u0131z s\u00fcrd\u00fc\u011f\u00fcn\u00fc belirterek, &#8220;\u00dcreticilerimizin ihtiya\u00e7lar\u0131n\u0131 kar\u015f\u0131lamaya devam ediyoruz. Bu kapsamda zeytin fidan\u0131 taleplerini&#8230;<\/p>\n","protected":false},"author":1,"featured_media":95453,"comment_status":"open","ping_status":"open","sticky":false,"template":"","format":"standard","meta":{"_crdt_document":"","footnotes":""},"categories":[1],"tags":[],"class_list":["post-95452","post","type-post","status-publish","format-standard","has-post-thumbnail","hentry","category-guncel"],"_links":{"self":[{"href":"https:\/\/www.egemtv.com\/index.php?rest_route=\/wp\/v2\/posts\/95452","targetHints":{"allow":["GET"]}}],"collection":[{"href":"https:\/\/www.egemtv.com\/index.php?rest_route=\/wp\/v2\/posts"}],"about":[{"href":"https:\/\/www.egemtv.com\/index.php?rest_route=\/wp\/v2\/types\/post"}],"author":[{"embeddable":true,"href":"https:\/\/www.egemtv.com\/index.php?rest_route=\/wp\/v2\/users\/1"}],"replies":[{"embeddable":true,"href":"https:\/\/www.egemtv.com\/index.php?rest_route=%2Fwp%2Fv2%2Fcomments&post=95452"}],"version-history":[{"count":1,"href":"https:\/\/www.egemtv.com\/index.php?rest_route=\/wp\/v2\/posts\/95452\/revisions"}],"predecessor-version":[{"id":95454,"href":"https:\/\/www.egemtv.com\/index.php?rest_route=\/wp\/v2\/posts\/95452\/revisions\/95454"}],"wp:featuredmedia":[{"embeddable":true,"href":"https:\/\/www.egemtv.com\/index.php?rest_route=\/wp\/v2\/media\/95453"}],"wp:attachment":[{"href":"https:\/\/www.egemtv.com\/index.php?rest_route=%2Fwp%2Fv2%2Fmedia&parent=95452"}],"wp:term":[{"taxonomy":"category","embeddable":true,"href":"https:\/\/www.egemtv.com\/index.php?rest_route=%2Fwp%2Fv2%2Fcategories&post=95452"},{"taxonomy":"post_tag","embeddable":true,"href":"https:\/\/www.egemtv.com\/index.php?rest_route=%2Fwp%2Fv2%2Ftags&post=95452"}],"curies":[{"name":"wp","href":"https:\/\/api.w.org\/{rel}","templated":true}]}}