{"id":95389,"date":"2026-03-27T02:45:41","date_gmt":"2026-03-26T23:45:41","guid":{"rendered":"https:\/\/www.egemtv.com\/?p=95389"},"modified":"2026-03-27T02:45:42","modified_gmt":"2026-03-26T23:45:42","slug":"marmaris-belediyesine-gece-yarisi-yapilan-baskinla-ilgili-baskan-unluden-aciklama","status":"publish","type":"post","link":"https:\/\/www.egemtv.com\/?p=95389","title":{"rendered":"Marmaris Belediyesi\u2019ne gece yar\u0131s\u0131 yap\u0131lan bask\u0131nla ilgili Ba\u015fkan \u00dcnl\u00fc\u2019den a\u00e7\u0131klama"},"content":{"rendered":"<p>Marmaris Cumhuriyet Ba\u015fsavc\u0131l\u0131\u011f\u0131 taraf\u0131ndan y\u00fcr\u00fct\u00fclen bir soru\u015fturma kapsam\u0131nda gece yar\u0131s\u0131 Marmaris Belediyesi\u2019ne ger\u00e7ekle\u015ftirilen polis bask\u0131n\u0131 ile ilgili Marmaris Belediye Ba\u015fkan\u0131 Acar \u00dcnl\u00fc ve CHP Mu\u011fla Milletvekili Cumhur Uzun Marmaris Belediyesi \u00f6n\u00fcnde a\u00e7\u0131klama yapt\u0131. Ba\u015fkan \u00dcnl\u00fc, ekibi ile birlikte Marmaris Belediyesi olarak \u00e7al\u0131\u015fmalar\u0131na devam edeceklerini belirtirken, CHP Mu\u011fla Milletvekili Cumhur Uzun ise, polis operasyonunun m\u00fcnferit bir soru\u015fturma kapsam\u0131nda yap\u0131ld\u0131\u011f\u0131n\u0131 \u00f6\u011frendiklerini s\u00f6yledi.<br \/>\n<br \/>Marmaris Cumhuriyet Ba\u015fsavc\u0131l\u0131\u011f\u0131 taraf\u0131ndan y\u00fcr\u00fct\u00fcld\u00fc\u011f\u00fc \u00f6\u011frenilen bir soru\u015fturma kapsam\u0131nda gece yar\u0131s\u0131 Mu\u011fla \u0130l Emniyet M\u00fcd\u00fcrl\u00fc\u011f\u00fc\u2019ne ba\u011fl\u0131 ekipler Marmaris Belediyesi\u2019ne bask\u0131n d\u00fczenledi. Operasyon \u00e7er\u00e7evesinde \u00e7ok say\u0131da polis ekibi taraf\u0131ndan belediye binas\u0131na bask\u0131n d\u00fczenlenirken baz\u0131 belediye \u00e7al\u0131\u015fanlar\u0131 ve \u00f6nceki d\u00f6nem belediyede g\u00f6rev yapan \u00fcst d\u00fczey yetkililer ikametlerinden al\u0131narak belediyeye getirilirdi.<br \/>\n<br \/>Belediye binas\u0131nda aramalar devam ederken gece yar\u0131s\u0131 \u00e7o\u011funlu\u011fu partili \u00e7ok say\u0131da ki\u015fi belediye binas\u0131n\u0131n \u00f6n\u00fcnde topland\u0131. Bu arada Marmaris Belediye Ba\u015fkan\u0131 Acar \u00dcnl\u00fc ve CHP Mu\u011fla Milletvekili Cumhur Uzun da belediye binas\u0131 \u00f6n\u00fcne gelerek, toplanan kalabal\u0131\u011fa te\u015fekk\u00fcr edip bas\u0131n mensuplar\u0131na da a\u00e7\u0131klamada bulundu.<br \/>\n<br \/>G\u00f6revinin ba\u015f\u0131nda oldu\u011funu belirten Marmaris Belediye Ba\u015fkan\u0131 Acar \u00dcnl\u00fc, &#8220;Marmaris Belediyesi ba\u015fkan\u0131 ve y\u00f6netimi ile \u00e7al\u0131\u015fmalar\u0131na devam edecektir. Umar\u0131m bu soru\u015fturma da en k\u0131sa s\u00fcrede sonu\u00e7lan\u0131r. Konuyla ilgili bilgi geldik\u00e7e sizlerle payla\u015faca\u011f\u0131z&#8221; dedi.<br \/>\n<br \/>Geceye saat 24:00 itibariyle ba\u015flayan bir polis aramas\u0131 ile g\u00fcne ba\u015flad\u0131klar\u0131n\u0131 belirten CHP Mu\u011fla Milletvekili Cumhur Uzun ise Marmaris Cumhuriyet Savc\u0131l\u0131\u011f\u0131 taraf\u0131ndan y\u00fcr\u00fct\u00fclen soru\u015fturan\u0131n belediye ve belediyedeki i\u015fleyi\u015fle ilgili de\u011fil m\u00fcnferit bir soru\u015fturma oldu\u011funu \u00f6\u011frendiklerini belirtti. Uzun, &#8220;Araman\u0131n burada g\u00f6rev yapan arkada\u015f\u0131n yapm\u0131\u015f oldu\u011fu g\u00f6revle ilgili i\u015f yerinde yap\u0131lan bir aramadan m\u00fcte\u015fekkil oldu\u011funu \u00f6\u011frendik. Bunun d\u0131\u015f\u0131nda ilgili ki\u015finin konutunda da arama yap\u0131ld\u0131\u011f\u0131n\u0131 \u00f6\u011frendik. Belediye ve belediye i\u015fleyi\u015fi ile ilgili bir konu olmad\u0131\u011f\u0131 y\u00f6n\u00fcnde bilgi verildi. Bundan sonraki geli\u015fmeler hakk\u0131nda da bilgi payla\u015faca\u011f\u0131z. Destek i\u00e7in buraya geldi\u011finiz i\u00e7in te\u015fekk\u00fcr ediyoruz&#8221; diyerek soru\u015fturman\u0131n bir olaya ili\u015fkin m\u00fcnferit bir soru\u015fturma oldu\u011funu ve bunun detay\u0131 hakk\u0131nda kendilerine bilgi verilmedi\u011fini s\u00f6yledi.<br \/><\/p>\n","protected":false},"excerpt":{"rendered":"<p>Marmaris Cumhuriyet Ba\u015fsavc\u0131l\u0131\u011f\u0131 taraf\u0131ndan y\u00fcr\u00fct\u00fclen bir soru\u015fturma kapsam\u0131nda gece yar\u0131s\u0131 Marmaris Belediyesi\u2019ne ger\u00e7ekle\u015ftirilen polis bask\u0131n\u0131 ile ilgili Marmaris Belediye Ba\u015fkan\u0131 Acar \u00dcnl\u00fc ve CHP Mu\u011fla Milletvekili Cumhur Uzun Marmaris Belediyesi \u00f6n\u00fcnde a\u00e7\u0131klama yapt\u0131. Ba\u015fkan \u00dcnl\u00fc, ekibi ile birlikte Marmaris Belediyesi olarak \u00e7al\u0131\u015fmalar\u0131na devam edeceklerini belirtirken, CHP Mu\u011fla Milletvekili Cumhur Uzun ise, polis operasyonunun m\u00fcnferit bir&#8230;<\/p>\n","protected":false},"author":1,"featured_media":95390,"comment_status":"open","ping_status":"open","sticky":false,"template":"","format":"standard","meta":{"_crdt_document":"","footnotes":""},"categories":[5],"tags":[],"class_list":["post-95389","post","type-post","status-publish","format-standard","has-post-thumbnail","hentry","category-asayis"],"_links":{"self":[{"href":"https:\/\/www.egemtv.com\/index.php?rest_route=\/wp\/v2\/posts\/95389","targetHints":{"allow":["GET"]}}],"collection":[{"href":"https:\/\/www.egemtv.com\/index.php?rest_route=\/wp\/v2\/posts"}],"about":[{"href":"https:\/\/www.egemtv.com\/index.php?rest_route=\/wp\/v2\/types\/post"}],"author":[{"embeddable":true,"href":"https:\/\/www.egemtv.com\/index.php?rest_route=\/wp\/v2\/users\/1"}],"replies":[{"embeddable":true,"href":"https:\/\/www.egemtv.com\/index.php?rest_route=%2Fwp%2Fv2%2Fcomments&post=95389"}],"version-history":[{"count":1,"href":"https:\/\/www.egemtv.com\/index.php?rest_route=\/wp\/v2\/posts\/95389\/revisions"}],"predecessor-version":[{"id":95391,"href":"https:\/\/www.egemtv.com\/index.php?rest_route=\/wp\/v2\/posts\/95389\/revisions\/95391"}],"wp:featuredmedia":[{"embeddable":true,"href":"https:\/\/www.egemtv.com\/index.php?rest_route=\/wp\/v2\/media\/95390"}],"wp:attachment":[{"href":"https:\/\/www.egemtv.com\/index.php?rest_route=%2Fwp%2Fv2%2Fmedia&parent=95389"}],"wp:term":[{"taxonomy":"category","embeddable":true,"href":"https:\/\/www.egemtv.com\/index.php?rest_route=%2Fwp%2Fv2%2Fcategories&post=95389"},{"taxonomy":"post_tag","embeddable":true,"href":"https:\/\/www.egemtv.com\/index.php?rest_route=%2Fwp%2Fv2%2Ftags&post=95389"}],"curies":[{"name":"wp","href":"https:\/\/api.w.org\/{rel}","templated":true}]}}