{"id":95386,"date":"2026-03-27T02:10:30","date_gmt":"2026-03-26T23:10:30","guid":{"rendered":"https:\/\/www.egemtv.com\/?p=95386"},"modified":"2026-03-27T02:10:30","modified_gmt":"2026-03-26T23:10:30","slug":"marmaris-belediyesine-gece-yarisi-polis-baskini","status":"publish","type":"post","link":"https:\/\/www.egemtv.com\/?p=95386","title":{"rendered":"Marmaris Belediyesi\u2019ne gece yar\u0131s\u0131 polis bask\u0131n\u0131"},"content":{"rendered":"<p>Mu\u011fla\u2019n\u0131n Marmaris il\u00e7esinde gece yar\u0131s\u0131 hareketli dakikalar ya\u015fanmaya ba\u015flad\u0131. Marmaris Cumhuriyet Ba\u015fsavc\u0131l\u0131\u011f\u0131 taraf\u0131ndan y\u00fcr\u00fct\u00fcld\u00fc\u011f\u00fc \u00f6\u011frenilen bir soru\u015fturma kapsam\u0131nda gece yar\u0131s\u0131 Mu\u011fla \u0130l Emniyet M\u00fcd\u00fcrl\u00fc\u011f\u00fc\u2019ne ba\u011fl\u0131 ekipler Marmaris Belediyesi\u2019ne bask\u0131n d\u00fczenledi.<br \/>\n<br \/>Gece yar\u0131s\u0131 ba\u015flayan operasyon \u00e7er\u00e7evesinde \u00e7ok say\u0131da polis ekibi taraf\u0131ndan belediye binas\u0131na bask\u0131n d\u00fczenlendi. Operasyon \u00e7er\u00e7evesinde baz\u0131 belediye \u00e7al\u0131\u015fanlar\u0131 ikametlerinden al\u0131narak belediyeye getirilirken, \u00f6nceki d\u00f6nem belediyede g\u00f6rev yapan baz\u0131 yetkililerin de belediyeye getirildi\u011fi \u00f6\u011frenildi.<br \/>\n<br \/>Belediye binas\u0131na \u00e7ok say\u0131da polis ekibi girerken, \u00e7evrede de polis ekiplerinin g\u00fcvenlik tedbiri ald\u0131\u011f\u0131 g\u00f6r\u00fcld\u00fc. Mu\u011fla \u0130l Emniyet M\u00fcd\u00fcrl\u00fc\u011f\u00fc Ka\u00e7ak\u00e7\u0131l\u0131k ve Organize Su\u00e7larla M\u00fccadele \u015eube M\u00fcd\u00fcrl\u00fc\u011f\u00fc ekiplerinin yo\u011funlukta oldu\u011fu operasyon gece yar\u0131s\u0131 ba\u015flarken, belediye ve \u00e7evresinde hareketli dakikalar devam ediyor.<br \/><\/p>\n","protected":false},"excerpt":{"rendered":"<p>Mu\u011fla\u2019n\u0131n Marmaris il\u00e7esinde gece yar\u0131s\u0131 hareketli dakikalar ya\u015fanmaya ba\u015flad\u0131. Marmaris Cumhuriyet Ba\u015fsavc\u0131l\u0131\u011f\u0131 taraf\u0131ndan y\u00fcr\u00fct\u00fcld\u00fc\u011f\u00fc \u00f6\u011frenilen bir soru\u015fturma kapsam\u0131nda gece yar\u0131s\u0131 Mu\u011fla \u0130l Emniyet M\u00fcd\u00fcrl\u00fc\u011f\u00fc\u2019ne ba\u011fl\u0131 ekipler Marmaris Belediyesi\u2019ne bask\u0131n d\u00fczenledi. Gece yar\u0131s\u0131 ba\u015flayan operasyon \u00e7er\u00e7evesinde \u00e7ok say\u0131da polis ekibi taraf\u0131ndan belediye binas\u0131na bask\u0131n d\u00fczenlendi. Operasyon \u00e7er\u00e7evesinde baz\u0131 belediye \u00e7al\u0131\u015fanlar\u0131 ikametlerinden al\u0131narak belediyeye getirilirken, \u00f6nceki d\u00f6nem&#8230;<\/p>\n","protected":false},"author":1,"featured_media":95387,"comment_status":"open","ping_status":"open","sticky":false,"template":"","format":"standard","meta":{"_crdt_document":"","footnotes":""},"categories":[5],"tags":[],"class_list":["post-95386","post","type-post","status-publish","format-standard","has-post-thumbnail","hentry","category-asayis"],"_links":{"self":[{"href":"https:\/\/www.egemtv.com\/index.php?rest_route=\/wp\/v2\/posts\/95386","targetHints":{"allow":["GET"]}}],"collection":[{"href":"https:\/\/www.egemtv.com\/index.php?rest_route=\/wp\/v2\/posts"}],"about":[{"href":"https:\/\/www.egemtv.com\/index.php?rest_route=\/wp\/v2\/types\/post"}],"author":[{"embeddable":true,"href":"https:\/\/www.egemtv.com\/index.php?rest_route=\/wp\/v2\/users\/1"}],"replies":[{"embeddable":true,"href":"https:\/\/www.egemtv.com\/index.php?rest_route=%2Fwp%2Fv2%2Fcomments&post=95386"}],"version-history":[{"count":1,"href":"https:\/\/www.egemtv.com\/index.php?rest_route=\/wp\/v2\/posts\/95386\/revisions"}],"predecessor-version":[{"id":95388,"href":"https:\/\/www.egemtv.com\/index.php?rest_route=\/wp\/v2\/posts\/95386\/revisions\/95388"}],"wp:featuredmedia":[{"embeddable":true,"href":"https:\/\/www.egemtv.com\/index.php?rest_route=\/wp\/v2\/media\/95387"}],"wp:attachment":[{"href":"https:\/\/www.egemtv.com\/index.php?rest_route=%2Fwp%2Fv2%2Fmedia&parent=95386"}],"wp:term":[{"taxonomy":"category","embeddable":true,"href":"https:\/\/www.egemtv.com\/index.php?rest_route=%2Fwp%2Fv2%2Fcategories&post=95386"},{"taxonomy":"post_tag","embeddable":true,"href":"https:\/\/www.egemtv.com\/index.php?rest_route=%2Fwp%2Fv2%2Ftags&post=95386"}],"curies":[{"name":"wp","href":"https:\/\/api.w.org\/{rel}","templated":true}]}}