{"id":95383,"date":"2026-03-27T00:25:38","date_gmt":"2026-03-26T21:25:38","guid":{"rendered":"https:\/\/www.egemtv.com\/?p=95383"},"modified":"2026-03-27T00:25:39","modified_gmt":"2026-03-26T21:25:39","slug":"muglada-yurdun-penceresinden-atlayan-genc-hayatini-kaybetti","status":"publish","type":"post","link":"https:\/\/www.egemtv.com\/?p=95383","title":{"rendered":"Mu\u011fla\u2019da yurdun penceresinden atlayan gen\u00e7 hayat\u0131n\u0131 kaybetti"},"content":{"rendered":"<p>Mu\u011fla\u2019n\u0131n Mente\u015fe il\u00e7esinde bir \u00f6\u011frenci yurdunda camdan atlayan gen\u00e7, hava yast\u0131\u011f\u0131 a\u00e7\u0131lmas\u0131na ra\u011fmen yaralanarak, kald\u0131r\u0131ld\u0131\u011f\u0131 hastanede hayat\u0131n\u0131 kaybetti.<br \/>\n<br \/>Olay, Mente\u015fe il\u00e7esinde bulunan Turgutreis Erkek \u00d6\u011frenci Yurdu\u2019nda meydana geldi. Edinilen bilgilere g\u00f6re, bunal\u0131ma giren \u0130.C., kald\u0131\u011f\u0131 yurdun penceresine \u00e7\u0131karak, a\u015fa\u011f\u0131 atlayaca\u011f\u0131n\u0131 s\u00f6yledi. \u00c7evredeki vatanda\u015flar\u0131n ve yurt yetkililerinin ihbar\u0131 \u00fczerine b\u00f6lgeye k\u0131sa s\u00fcrede emniyet, AFAD, itfaiye, UMKE ve 112 Acil Sa\u011fl\u0131k ekipleri sevk edildi. Olay yerine ula\u015fan ekipler, bir yandan genci ikna \u00e7al\u0131\u015fmalar\u0131na ba\u015flarken, di\u011fer yandan ya\u015fanabilecek bir d\u00fc\u015fme ihtimaline kar\u015f\u0131 haz\u0131rl\u0131k yapt\u0131. AFAD ekipleri, yurdun bah\u00e7esine h\u0131zl\u0131ca \u015fi\u015fme hava yast\u0131\u011f\u0131 a\u00e7arak g\u00fcvenlik \u00f6nlemi ald\u0131. Ekiplerin t\u00fcm \u00e7abalar\u0131na ra\u011fmen ikna olmayan gen\u00e7, kendisini bo\u015flu\u011fa b\u0131rakt\u0131. Hava yast\u0131\u011f\u0131n\u0131n \u00fczerine d\u00fc\u015fen gen\u00e7, beton zemin ile temas ederek a\u011f\u0131r yaraland\u0131. Olay yerinde haz\u0131r bekleyen sa\u011fl\u0131k ekipleri, yaralanan genci yap\u0131lan ilk m\u00fcdahalenin ard\u0131ndan Mu\u011fla E\u011fitim ve Ara\u015ft\u0131rma Hastanesi\u2019ne sevk etti. \u0130.C., hastanede yap\u0131lan t\u00fcm m\u00fcdahalelere ra\u011fmen kurtar\u0131lamad\u0131.<br \/><\/p>\n","protected":false},"excerpt":{"rendered":"<p>Mu\u011fla\u2019n\u0131n Mente\u015fe il\u00e7esinde bir \u00f6\u011frenci yurdunda camdan atlayan gen\u00e7, hava yast\u0131\u011f\u0131 a\u00e7\u0131lmas\u0131na ra\u011fmen yaralanarak, kald\u0131r\u0131ld\u0131\u011f\u0131 hastanede hayat\u0131n\u0131 kaybetti. Olay, Mente\u015fe il\u00e7esinde bulunan Turgutreis Erkek \u00d6\u011frenci Yurdu\u2019nda meydana geldi. Edinilen bilgilere g\u00f6re, bunal\u0131ma giren \u0130.C., kald\u0131\u011f\u0131 yurdun penceresine \u00e7\u0131karak, a\u015fa\u011f\u0131 atlayaca\u011f\u0131n\u0131 s\u00f6yledi. \u00c7evredeki vatanda\u015flar\u0131n ve yurt yetkililerinin ihbar\u0131 \u00fczerine b\u00f6lgeye k\u0131sa s\u00fcrede emniyet, AFAD, itfaiye, UMKE&#8230;<\/p>\n","protected":false},"author":1,"featured_media":95384,"comment_status":"open","ping_status":"open","sticky":false,"template":"","format":"standard","meta":{"_crdt_document":"","footnotes":""},"categories":[5],"tags":[],"class_list":["post-95383","post","type-post","status-publish","format-standard","has-post-thumbnail","hentry","category-asayis"],"_links":{"self":[{"href":"https:\/\/www.egemtv.com\/index.php?rest_route=\/wp\/v2\/posts\/95383","targetHints":{"allow":["GET"]}}],"collection":[{"href":"https:\/\/www.egemtv.com\/index.php?rest_route=\/wp\/v2\/posts"}],"about":[{"href":"https:\/\/www.egemtv.com\/index.php?rest_route=\/wp\/v2\/types\/post"}],"author":[{"embeddable":true,"href":"https:\/\/www.egemtv.com\/index.php?rest_route=\/wp\/v2\/users\/1"}],"replies":[{"embeddable":true,"href":"https:\/\/www.egemtv.com\/index.php?rest_route=%2Fwp%2Fv2%2Fcomments&post=95383"}],"version-history":[{"count":1,"href":"https:\/\/www.egemtv.com\/index.php?rest_route=\/wp\/v2\/posts\/95383\/revisions"}],"predecessor-version":[{"id":95385,"href":"https:\/\/www.egemtv.com\/index.php?rest_route=\/wp\/v2\/posts\/95383\/revisions\/95385"}],"wp:featuredmedia":[{"embeddable":true,"href":"https:\/\/www.egemtv.com\/index.php?rest_route=\/wp\/v2\/media\/95384"}],"wp:attachment":[{"href":"https:\/\/www.egemtv.com\/index.php?rest_route=%2Fwp%2Fv2%2Fmedia&parent=95383"}],"wp:term":[{"taxonomy":"category","embeddable":true,"href":"https:\/\/www.egemtv.com\/index.php?rest_route=%2Fwp%2Fv2%2Fcategories&post=95383"},{"taxonomy":"post_tag","embeddable":true,"href":"https:\/\/www.egemtv.com\/index.php?rest_route=%2Fwp%2Fv2%2Ftags&post=95383"}],"curies":[{"name":"wp","href":"https:\/\/api.w.org\/{rel}","templated":true}]}}