{"id":95380,"date":"2026-03-26T23:50:31","date_gmt":"2026-03-26T20:50:31","guid":{"rendered":"https:\/\/www.egemtv.com\/?p=95380"},"modified":"2026-03-26T23:50:32","modified_gmt":"2026-03-26T20:50:32","slug":"muglada-korku-dolu-anlar-yurdun-camina-cikan-genc-hava-yastigina-atladi","status":"publish","type":"post","link":"https:\/\/www.egemtv.com\/?p=95380","title":{"rendered":"Mu\u011fla\u2019da korku dolu anlar: Yurdun cam\u0131na \u00e7\u0131kan gen\u00e7 hava yast\u0131\u011f\u0131na atlad\u0131"},"content":{"rendered":"<p>Mu\u011fla\u2019n\u0131n Mente\u015fe il\u00e7esinde bir \u00f6\u011frenci yurdunda cama \u00e7\u0131kan gen\u00e7, ekiplerin a\u00e7t\u0131\u011f\u0131 hava yast\u0131\u011f\u0131na atlayarak kurtuldu.<br \/>\n<br \/>Olay, Mente\u015fe il\u00e7esinde bulunan Turgutreis Erkek \u00d6\u011frenci Yurdu\u2019nda meydana geldi. Edinilen bilgilere g\u00f6re, bunal\u0131ma giren bir gen\u00e7 yurdun penceresine \u00e7\u0131karak, a\u015fa\u011f\u0131 atlayaca\u011f\u0131n\u0131 s\u00f6yledi. \u00c7evredeki vatanda\u015flar\u0131n ve yurt yetkililerinin ihbar\u0131 \u00fczerine b\u00f6lgeye k\u0131sa s\u00fcrede emniyet, itfaiye, UMKE ve 112 Acil Sa\u011fl\u0131k ekipleri sevk edildi. Olay yerine ula\u015fan ekipler, bir yandan genci ikna \u00e7al\u0131\u015fmalar\u0131na ba\u015flarken, di\u011fer yandan ya\u015fanabilecek bir d\u00fc\u015fme ihtimaline kar\u015f\u0131 haz\u0131rl\u0131k yapt\u0131. \u0130tfaiye ekipleri, yurdun bah\u00e7esine h\u0131zl\u0131ca \u015fi\u015fme hava yast\u0131\u011f\u0131 a\u00e7arak g\u00fcvenlik \u00f6nlemi ald\u0131. Ekiplerin t\u00fcm \u00e7abalar\u0131na ra\u011fmen ikna olmayan gen\u00e7, kendisini bo\u015flu\u011fa b\u0131rakt\u0131. Ekiplerin yerle\u015ftirdi\u011fi hava yast\u0131\u011f\u0131n\u0131n tam \u00fczerine d\u00fc\u015fen gen\u00e7, \u00f6l\u00fcmden d\u00f6nd\u00fc. Olay yerinde haz\u0131r bekleyen sa\u011fl\u0131k ekipleri, yaralanan gence ilk m\u00fcdahaleyi an\u0131nda yapt\u0131. Ambulansla Mu\u011fla E\u011fitim ve Ara\u015ft\u0131rma Hastanesi\u2019ne kald\u0131r\u0131lan gencin sa\u011fl\u0131k durumunun takip edildi\u011fi \u00f6\u011frenildi.<br \/>\n<br \/>Polis ekipleri olayla ilgili geni\u015f \u00e7apl\u0131 inceleme ba\u015flatt\u0131.<br \/><\/p>\n","protected":false},"excerpt":{"rendered":"<p>Mu\u011fla\u2019n\u0131n Mente\u015fe il\u00e7esinde bir \u00f6\u011frenci yurdunda cama \u00e7\u0131kan gen\u00e7, ekiplerin a\u00e7t\u0131\u011f\u0131 hava yast\u0131\u011f\u0131na atlayarak kurtuldu. Olay, Mente\u015fe il\u00e7esinde bulunan Turgutreis Erkek \u00d6\u011frenci Yurdu\u2019nda meydana geldi. Edinilen bilgilere g\u00f6re, bunal\u0131ma giren bir gen\u00e7 yurdun penceresine \u00e7\u0131karak, a\u015fa\u011f\u0131 atlayaca\u011f\u0131n\u0131 s\u00f6yledi. \u00c7evredeki vatanda\u015flar\u0131n ve yurt yetkililerinin ihbar\u0131 \u00fczerine b\u00f6lgeye k\u0131sa s\u00fcrede emniyet, itfaiye, UMKE ve 112 Acil Sa\u011fl\u0131k&#8230;<\/p>\n","protected":false},"author":1,"featured_media":95381,"comment_status":"open","ping_status":"open","sticky":false,"template":"","format":"standard","meta":{"_crdt_document":"","footnotes":""},"categories":[5],"tags":[],"class_list":["post-95380","post","type-post","status-publish","format-standard","has-post-thumbnail","hentry","category-asayis"],"_links":{"self":[{"href":"https:\/\/www.egemtv.com\/index.php?rest_route=\/wp\/v2\/posts\/95380","targetHints":{"allow":["GET"]}}],"collection":[{"href":"https:\/\/www.egemtv.com\/index.php?rest_route=\/wp\/v2\/posts"}],"about":[{"href":"https:\/\/www.egemtv.com\/index.php?rest_route=\/wp\/v2\/types\/post"}],"author":[{"embeddable":true,"href":"https:\/\/www.egemtv.com\/index.php?rest_route=\/wp\/v2\/users\/1"}],"replies":[{"embeddable":true,"href":"https:\/\/www.egemtv.com\/index.php?rest_route=%2Fwp%2Fv2%2Fcomments&post=95380"}],"version-history":[{"count":1,"href":"https:\/\/www.egemtv.com\/index.php?rest_route=\/wp\/v2\/posts\/95380\/revisions"}],"predecessor-version":[{"id":95382,"href":"https:\/\/www.egemtv.com\/index.php?rest_route=\/wp\/v2\/posts\/95380\/revisions\/95382"}],"wp:featuredmedia":[{"embeddable":true,"href":"https:\/\/www.egemtv.com\/index.php?rest_route=\/wp\/v2\/media\/95381"}],"wp:attachment":[{"href":"https:\/\/www.egemtv.com\/index.php?rest_route=%2Fwp%2Fv2%2Fmedia&parent=95380"}],"wp:term":[{"taxonomy":"category","embeddable":true,"href":"https:\/\/www.egemtv.com\/index.php?rest_route=%2Fwp%2Fv2%2Fcategories&post=95380"},{"taxonomy":"post_tag","embeddable":true,"href":"https:\/\/www.egemtv.com\/index.php?rest_route=%2Fwp%2Fv2%2Ftags&post=95380"}],"curies":[{"name":"wp","href":"https:\/\/api.w.org\/{rel}","templated":true}]}}