{"id":95377,"date":"2026-03-26T23:15:22","date_gmt":"2026-03-26T20:15:22","guid":{"rendered":"https:\/\/www.egemtv.com\/?p=95377"},"modified":"2026-03-26T23:15:23","modified_gmt":"2026-03-26T20:15:23","slug":"ispartada-iki-otomobil-carpisti-4-yarali","status":"publish","type":"post","link":"https:\/\/www.egemtv.com\/?p=95377","title":{"rendered":"Isparta\u2019da iki otomobil \u00e7arp\u0131\u015ft\u0131: 4 yaral\u0131"},"content":{"rendered":"<p>Isparta\u2019n\u0131n \u015earkikaraa\u011fa\u00e7 il\u00e7esinde iki arac\u0131n \u00e7arp\u0131\u015ft\u0131\u011f\u0131 kazada 4 ki\u015fi yaraland\u0131.<br \/>\n<br \/>Kaza, \u00f6\u011flen saatlerinde 131. Konya Caddesi ile 1715. Sokak kesi\u015fiminde meydana geldi. Edinilen bilgilere g\u00f6re, A.K. idaresindeki 32 ACH 758 plakal\u0131 ara\u00e7, M.Y. kontrol\u00fcndeki 32 SH 237 plakal\u0131 Fiat Tofa\u015f marka otomobille \u00e7arp\u0131\u015ft\u0131. \u00c7arp\u0131\u015fman\u0131n etkisiyle 32 SH 237 plakal\u0131 arac\u0131n s\u00fcr\u00fcc\u00fcs\u00fc M.Y. ile ara\u00e7ta yolcu olarak bulunan M.N.B., G.K. ve A.C. yaraland\u0131. \u0130hbar \u00fczerine olay yerine sa\u011fl\u0131k ve polis ekipleri sevk edildi. Yaral\u0131lar, sa\u011fl\u0131k ekiplerinin olay yerindeki ilk m\u00fcdahalesinin ard\u0131ndan ambulanslarla \u00e7evredeki hastanelere kald\u0131r\u0131larak tedavi alt\u0131na al\u0131nd\u0131.<br \/>\n<br \/>Polis ekipleri kazayla ilgili inceleme ba\u015flatt\u0131.<br \/><\/p>\n","protected":false},"excerpt":{"rendered":"<p>Isparta\u2019n\u0131n \u015earkikaraa\u011fa\u00e7 il\u00e7esinde iki arac\u0131n \u00e7arp\u0131\u015ft\u0131\u011f\u0131 kazada 4 ki\u015fi yaraland\u0131. Kaza, \u00f6\u011flen saatlerinde 131. Konya Caddesi ile 1715. Sokak kesi\u015fiminde meydana geldi. Edinilen bilgilere g\u00f6re, A.K. idaresindeki 32 ACH 758 plakal\u0131 ara\u00e7, M.Y. kontrol\u00fcndeki 32 SH 237 plakal\u0131 Fiat Tofa\u015f marka otomobille \u00e7arp\u0131\u015ft\u0131. \u00c7arp\u0131\u015fman\u0131n etkisiyle 32 SH 237 plakal\u0131 arac\u0131n s\u00fcr\u00fcc\u00fcs\u00fc M.Y. ile ara\u00e7ta yolcu&#8230;<\/p>\n","protected":false},"author":1,"featured_media":95378,"comment_status":"open","ping_status":"open","sticky":false,"template":"","format":"standard","meta":{"_crdt_document":"","footnotes":""},"categories":[5],"tags":[],"class_list":["post-95377","post","type-post","status-publish","format-standard","has-post-thumbnail","hentry","category-asayis"],"_links":{"self":[{"href":"https:\/\/www.egemtv.com\/index.php?rest_route=\/wp\/v2\/posts\/95377","targetHints":{"allow":["GET"]}}],"collection":[{"href":"https:\/\/www.egemtv.com\/index.php?rest_route=\/wp\/v2\/posts"}],"about":[{"href":"https:\/\/www.egemtv.com\/index.php?rest_route=\/wp\/v2\/types\/post"}],"author":[{"embeddable":true,"href":"https:\/\/www.egemtv.com\/index.php?rest_route=\/wp\/v2\/users\/1"}],"replies":[{"embeddable":true,"href":"https:\/\/www.egemtv.com\/index.php?rest_route=%2Fwp%2Fv2%2Fcomments&post=95377"}],"version-history":[{"count":1,"href":"https:\/\/www.egemtv.com\/index.php?rest_route=\/wp\/v2\/posts\/95377\/revisions"}],"predecessor-version":[{"id":95379,"href":"https:\/\/www.egemtv.com\/index.php?rest_route=\/wp\/v2\/posts\/95377\/revisions\/95379"}],"wp:featuredmedia":[{"embeddable":true,"href":"https:\/\/www.egemtv.com\/index.php?rest_route=\/wp\/v2\/media\/95378"}],"wp:attachment":[{"href":"https:\/\/www.egemtv.com\/index.php?rest_route=%2Fwp%2Fv2%2Fmedia&parent=95377"}],"wp:term":[{"taxonomy":"category","embeddable":true,"href":"https:\/\/www.egemtv.com\/index.php?rest_route=%2Fwp%2Fv2%2Fcategories&post=95377"},{"taxonomy":"post_tag","embeddable":true,"href":"https:\/\/www.egemtv.com\/index.php?rest_route=%2Fwp%2Fv2%2Ftags&post=95377"}],"curies":[{"name":"wp","href":"https:\/\/api.w.org\/{rel}","templated":true}]}}