{"id":95374,"date":"2026-03-26T23:15:20","date_gmt":"2026-03-26T20:15:20","guid":{"rendered":"https:\/\/www.egemtv.com\/?p=95374"},"modified":"2026-03-26T23:15:21","modified_gmt":"2026-03-26T20:15:21","slug":"baskan-cercioglu-kultur-ve-turizm-bakani-ersoy-ile-gorustu","status":"publish","type":"post","link":"https:\/\/www.egemtv.com\/?p=95374","title":{"rendered":"Ba\u015fkan \u00c7er\u00e7io\u011flu, K\u00fclt\u00fcr ve Turizm Bakan\u0131 Ersoy ile g\u00f6r\u00fc\u015ft\u00fc"},"content":{"rendered":"<p>Ayd\u0131n B\u00fcy\u00fck\u015fehir Belediye Ba\u015fkan\u0131 \u00d6zlem \u00c7er\u00e7io\u011flu, K\u00fclt\u00fcr ve Turizm Bakan\u0131 Mehmet Nuri Ersoy ile bir araya gelerek Ayd\u0131n\u2019\u0131n turizm potansiyelini art\u0131racak yat\u0131r\u0131mlar ve projeler \u00fczerine g\u00f6r\u00fc\u015fme ger\u00e7ekle\u015ftirdi.<\/p>\n<p>Ayd\u0131n\u2019\u0131n turizm potansiyelinin art\u0131r\u0131lmas\u0131na y\u00f6nelik \u00e7al\u0131\u015fmalar h\u0131z kesmeden s\u00fcrerken, bu kapsamda Ankara\u2019da \u00f6nemli bir temas ger\u00e7ekle\u015ftirildi. Ayd\u0131n B\u00fcy\u00fck\u015fehir Belediye Ba\u015fkan\u0131 \u00d6zlem \u00c7er\u00e7io\u011flu, K\u00fclt\u00fcr ve Turizm Bakan\u0131 Mehmet Nuri Ersoy\u2019u makam\u0131nda ziyaret etti. Ger\u00e7ekle\u015ftirilen g\u00f6r\u00fc\u015fmede, Ayd\u0131n\u2019\u0131n sahip oldu\u011fu do\u011fal, tarihi ve k\u00fclt\u00fcrel de\u011ferlerin daha etkin de\u011ferlendirilmesi ad\u0131na at\u0131labilecek ad\u0131mlar ele al\u0131nd\u0131.  Ba\u015fkan \u00c7er\u00e7io\u011flu g\u00f6r\u00fc\u015fmenin verimli ge\u00e7ti\u011fini belirterek, bakanl\u0131k ile i\u015f birli\u011fi i\u00e7erisinde Ayd\u0131n\u2019\u0131n turizm potansiyelini daha \u00fcst seviyelere ta\u015f\u0131yacak \u00e7al\u0131\u015fmalar y\u00fcr\u00fctmeye devam edeceklerini ifade etti. \u00c7er\u00e7io\u011flu ayr\u0131ca, Bakan Ersoy\u2019a Ayd\u0131n\u2019a g\u00f6sterdi\u011fi ilgi ve misafirperverli\u011fi dolay\u0131s\u0131yla te\u015fekk\u00fcr etti.<br \/><\/p>\n","protected":false},"excerpt":{"rendered":"<p>Ayd\u0131n B\u00fcy\u00fck\u015fehir Belediye Ba\u015fkan\u0131 \u00d6zlem \u00c7er\u00e7io\u011flu, K\u00fclt\u00fcr ve Turizm Bakan\u0131 Mehmet Nuri Ersoy ile bir araya gelerek Ayd\u0131n\u2019\u0131n turizm potansiyelini art\u0131racak yat\u0131r\u0131mlar ve projeler \u00fczerine g\u00f6r\u00fc\u015fme ger\u00e7ekle\u015ftirdi. Ayd\u0131n\u2019\u0131n turizm potansiyelinin art\u0131r\u0131lmas\u0131na y\u00f6nelik \u00e7al\u0131\u015fmalar h\u0131z kesmeden s\u00fcrerken, bu kapsamda Ankara\u2019da \u00f6nemli bir temas ger\u00e7ekle\u015ftirildi. Ayd\u0131n B\u00fcy\u00fck\u015fehir Belediye Ba\u015fkan\u0131 \u00d6zlem \u00c7er\u00e7io\u011flu, K\u00fclt\u00fcr ve Turizm Bakan\u0131 Mehmet Nuri&#8230;<\/p>\n","protected":false},"author":1,"featured_media":95375,"comment_status":"open","ping_status":"open","sticky":false,"template":"","format":"standard","meta":{"_crdt_document":"","footnotes":""},"categories":[1],"tags":[],"class_list":["post-95374","post","type-post","status-publish","format-standard","has-post-thumbnail","hentry","category-guncel"],"_links":{"self":[{"href":"https:\/\/www.egemtv.com\/index.php?rest_route=\/wp\/v2\/posts\/95374","targetHints":{"allow":["GET"]}}],"collection":[{"href":"https:\/\/www.egemtv.com\/index.php?rest_route=\/wp\/v2\/posts"}],"about":[{"href":"https:\/\/www.egemtv.com\/index.php?rest_route=\/wp\/v2\/types\/post"}],"author":[{"embeddable":true,"href":"https:\/\/www.egemtv.com\/index.php?rest_route=\/wp\/v2\/users\/1"}],"replies":[{"embeddable":true,"href":"https:\/\/www.egemtv.com\/index.php?rest_route=%2Fwp%2Fv2%2Fcomments&post=95374"}],"version-history":[{"count":1,"href":"https:\/\/www.egemtv.com\/index.php?rest_route=\/wp\/v2\/posts\/95374\/revisions"}],"predecessor-version":[{"id":95376,"href":"https:\/\/www.egemtv.com\/index.php?rest_route=\/wp\/v2\/posts\/95374\/revisions\/95376"}],"wp:featuredmedia":[{"embeddable":true,"href":"https:\/\/www.egemtv.com\/index.php?rest_route=\/wp\/v2\/media\/95375"}],"wp:attachment":[{"href":"https:\/\/www.egemtv.com\/index.php?rest_route=%2Fwp%2Fv2%2Fmedia&parent=95374"}],"wp:term":[{"taxonomy":"category","embeddable":true,"href":"https:\/\/www.egemtv.com\/index.php?rest_route=%2Fwp%2Fv2%2Fcategories&post=95374"},{"taxonomy":"post_tag","embeddable":true,"href":"https:\/\/www.egemtv.com\/index.php?rest_route=%2Fwp%2Fv2%2Ftags&post=95374"}],"curies":[{"name":"wp","href":"https:\/\/api.w.org\/{rel}","templated":true}]}}