{"id":95371,"date":"2026-03-26T22:40:42","date_gmt":"2026-03-26T19:40:42","guid":{"rendered":"https:\/\/www.egemtv.com\/?p=95371"},"modified":"2026-03-26T22:40:43","modified_gmt":"2026-03-26T19:40:43","slug":"uyelerden-denizli-idman-yurdu-yonetimine-istifa-cagrisi","status":"publish","type":"post","link":"https:\/\/www.egemtv.com\/?p=95371","title":{"rendered":"\u00dcyelerden Denizli \u0130dman Yurdu y\u00f6netimine istifa \u00e7a\u011fr\u0131s\u0131"},"content":{"rendered":"<p>TFF 3. Lig ekiplerinden Denizli \u0130dman Yurdu 1959\u2019da, 5-0\u2019l\u0131k Kar\u015f\u0131yaka hezimeti sonras\u0131 \u015fok geli\u015fmeler ya\u015fand\u0131. Genel kurul \u00fcyeleri, k\u00f6t\u00fc y\u00f6netimden dolay\u0131 istifa etmeleri \u00e7a\u011fr\u0131s\u0131 yap\u0131ld\u0131.<\/p>\n<p>Denizli \u0130dman Yurdu 1959\u2019da Kar\u015f\u0131yaka kar\u015f\u0131s\u0131nda al\u0131nan 5-0\u2019l\u0131k a\u011f\u0131r yenilginin ard\u0131ndan k\u00f6t\u00fc y\u00f6netimden dolay\u0131 y\u00f6netime istifa \u00e7a\u011fr\u0131s\u0131 geldi.<br \/>\n<br \/>Genel Kurul \u00dcyesi Ziya Erik taraf\u0131ndan Ba\u015fkan Mustafa G\u00f6lc\u00fc\u2019ye yap\u0131lan \u00e7a\u011fr\u0131da, &#8220;Kurucu Ba\u015fkan \u0130brahim G\u00fcrel\u2019in sa\u011fl\u0131k sorunlar\u0131ndan faydalan\u0131p gece yar\u0131s\u0131 \u2018Kul\u00fcb\u00fc biz y\u00f6netelim\u2019 diyerek gece yar\u0131s\u0131 ald\u0131\u011f\u0131n\u0131z ba\u015fkanl\u0131\u011f\u0131 lay\u0131k\u0131yla yapamad\u0131n\u0131z. Derhal se\u00e7im istiyoruz&#8221; denildi.<\/p>\n<p>Kul\u00fcb\u00fcn yeni y\u00f6netime bor\u00e7suz teslim edildi\u011finin alt\u0131n\u0131 \u00e7izen Genel Kurul \u00dcyesi Erik, yeni y\u00f6netim d\u00f6nemi \u00f6ncesinde kul\u00fcb\u00fcn bor\u00e7suz oldu\u011fu fakat G\u00f6lc\u00fc y\u00f6netiminin kul\u00fcb\u00fc icral\u0131k duruma getirdi\u011fi, kul\u00fcp otob\u00fcs\u00fc paras\u0131n\u0131n \u00f6denmedi\u011fini iddia edilerek, &#8220;Bu kul\u00fcbe y\u0131llarca emek verenlerin izlerini silmekle me\u015fgul olunaca\u011f\u0131na, derhal kul\u00fcb\u00fc terk etmeleri gerekiyor&#8221; ifadelerini kulland\u0131.<br \/><\/p>\n","protected":false},"excerpt":{"rendered":"<p>TFF 3. Lig ekiplerinden Denizli \u0130dman Yurdu 1959\u2019da, 5-0\u2019l\u0131k Kar\u015f\u0131yaka hezimeti sonras\u0131 \u015fok geli\u015fmeler ya\u015fand\u0131. Genel kurul \u00fcyeleri, k\u00f6t\u00fc y\u00f6netimden dolay\u0131 istifa etmeleri \u00e7a\u011fr\u0131s\u0131 yap\u0131ld\u0131. Denizli \u0130dman Yurdu 1959\u2019da Kar\u015f\u0131yaka kar\u015f\u0131s\u0131nda al\u0131nan 5-0\u2019l\u0131k a\u011f\u0131r yenilginin ard\u0131ndan k\u00f6t\u00fc y\u00f6netimden dolay\u0131 y\u00f6netime istifa \u00e7a\u011fr\u0131s\u0131 geldi. Genel Kurul \u00dcyesi Ziya Erik taraf\u0131ndan Ba\u015fkan Mustafa G\u00f6lc\u00fc\u2019ye yap\u0131lan \u00e7a\u011fr\u0131da, &#8220;Kurucu&#8230;<\/p>\n","protected":false},"author":1,"featured_media":95372,"comment_status":"open","ping_status":"open","sticky":false,"template":"","format":"standard","meta":{"_crdt_document":"","footnotes":""},"categories":[4],"tags":[],"class_list":["post-95371","post","type-post","status-publish","format-standard","has-post-thumbnail","hentry","category-spor"],"_links":{"self":[{"href":"https:\/\/www.egemtv.com\/index.php?rest_route=\/wp\/v2\/posts\/95371","targetHints":{"allow":["GET"]}}],"collection":[{"href":"https:\/\/www.egemtv.com\/index.php?rest_route=\/wp\/v2\/posts"}],"about":[{"href":"https:\/\/www.egemtv.com\/index.php?rest_route=\/wp\/v2\/types\/post"}],"author":[{"embeddable":true,"href":"https:\/\/www.egemtv.com\/index.php?rest_route=\/wp\/v2\/users\/1"}],"replies":[{"embeddable":true,"href":"https:\/\/www.egemtv.com\/index.php?rest_route=%2Fwp%2Fv2%2Fcomments&post=95371"}],"version-history":[{"count":1,"href":"https:\/\/www.egemtv.com\/index.php?rest_route=\/wp\/v2\/posts\/95371\/revisions"}],"predecessor-version":[{"id":95373,"href":"https:\/\/www.egemtv.com\/index.php?rest_route=\/wp\/v2\/posts\/95371\/revisions\/95373"}],"wp:featuredmedia":[{"embeddable":true,"href":"https:\/\/www.egemtv.com\/index.php?rest_route=\/wp\/v2\/media\/95372"}],"wp:attachment":[{"href":"https:\/\/www.egemtv.com\/index.php?rest_route=%2Fwp%2Fv2%2Fmedia&parent=95371"}],"wp:term":[{"taxonomy":"category","embeddable":true,"href":"https:\/\/www.egemtv.com\/index.php?rest_route=%2Fwp%2Fv2%2Fcategories&post=95371"},{"taxonomy":"post_tag","embeddable":true,"href":"https:\/\/www.egemtv.com\/index.php?rest_route=%2Fwp%2Fv2%2Ftags&post=95371"}],"curies":[{"name":"wp","href":"https:\/\/api.w.org\/{rel}","templated":true}]}}