{"id":95365,"date":"2026-03-26T21:30:39","date_gmt":"2026-03-26T18:30:39","guid":{"rendered":"https:\/\/www.egemtv.com\/?p=95365"},"modified":"2026-03-26T21:30:40","modified_gmt":"2026-03-26T18:30:40","slug":"izmirde-kesinlesmis-hapis-cezasi-bulunan-2-firari-yakalandi","status":"publish","type":"post","link":"https:\/\/www.egemtv.com\/?p=95365","title":{"rendered":"\u0130zmir\u2019de kesinle\u015fmi\u015f hapis cezas\u0131 bulunan 2 firari yakaland\u0131"},"content":{"rendered":"<p>\u0130zmir\u2019de haklar\u0131nda kesinle\u015fmi\u015f hapis cezas\u0131 bulunan ve 1 y\u0131ld\u0131r aranan 2 \u015f\u00fcpheli, d\u00fczenlenen operasyonla sakland\u0131klar\u0131 evde yakaland\u0131.<br \/>\n<br \/>Kar\u015f\u0131yaka \u0130l\u00e7e Emniyet M\u00fcd\u00fcrl\u00fc\u011f\u00fc ekipleri, aranan ki\u015filerin yakalanmas\u0131na y\u00f6nelik y\u00fcr\u00fct\u00fclen \u00e7al\u0131\u015fmalarda uyu\u015fturucu veya uyar\u0131c\u0131 madde ticareti yapma su\u00e7undan 12 y\u0131l 6 ay kesinle\u015fmi\u015f hapis cezas\u0131 ile aranan S.P.\u2019nin (50) izini s\u00fcrd\u00fc. Ekipler, uyu\u015fturucu ticareti ve silahla birden fazla ki\u015fiyle birlikte konutta geceleyin ya\u011fma su\u00e7lar\u0131ndan toplam 15 y\u0131l hapis cezas\u0131 bulunan S.P. (26) isimli \u015fahs\u0131 da takibe ald\u0131. Yakla\u015f\u0131k bir y\u0131ld\u0131r firari olarak aranan \u015f\u00fcphelilerin \u00d6rnekk\u00f6y Mahallesi\u2019nde bir adreste sakland\u0131\u011f\u0131 tespit edildi. Belirlenen adrese d\u00fczenlenen bask\u0131nda her 2 \u015f\u00fcpheli de yakalanarak g\u00f6zalt\u0131na al\u0131nd\u0131. Emniyetteki i\u015flemleri tamamlanan \u015f\u00fcpheliler, adli makamlara sevk edildi.<br \/><\/p>\n","protected":false},"excerpt":{"rendered":"<p>\u0130zmir\u2019de haklar\u0131nda kesinle\u015fmi\u015f hapis cezas\u0131 bulunan ve 1 y\u0131ld\u0131r aranan 2 \u015f\u00fcpheli, d\u00fczenlenen operasyonla sakland\u0131klar\u0131 evde yakaland\u0131. Kar\u015f\u0131yaka \u0130l\u00e7e Emniyet M\u00fcd\u00fcrl\u00fc\u011f\u00fc ekipleri, aranan ki\u015filerin yakalanmas\u0131na y\u00f6nelik y\u00fcr\u00fct\u00fclen \u00e7al\u0131\u015fmalarda uyu\u015fturucu veya uyar\u0131c\u0131 madde ticareti yapma su\u00e7undan 12 y\u0131l 6 ay kesinle\u015fmi\u015f hapis cezas\u0131 ile aranan S.P.\u2019nin (50) izini s\u00fcrd\u00fc. Ekipler, uyu\u015fturucu ticareti ve silahla birden fazla&#8230;<\/p>\n","protected":false},"author":1,"featured_media":95366,"comment_status":"open","ping_status":"open","sticky":false,"template":"","format":"standard","meta":{"_crdt_document":"","footnotes":""},"categories":[5],"tags":[],"class_list":["post-95365","post","type-post","status-publish","format-standard","has-post-thumbnail","hentry","category-asayis"],"_links":{"self":[{"href":"https:\/\/www.egemtv.com\/index.php?rest_route=\/wp\/v2\/posts\/95365","targetHints":{"allow":["GET"]}}],"collection":[{"href":"https:\/\/www.egemtv.com\/index.php?rest_route=\/wp\/v2\/posts"}],"about":[{"href":"https:\/\/www.egemtv.com\/index.php?rest_route=\/wp\/v2\/types\/post"}],"author":[{"embeddable":true,"href":"https:\/\/www.egemtv.com\/index.php?rest_route=\/wp\/v2\/users\/1"}],"replies":[{"embeddable":true,"href":"https:\/\/www.egemtv.com\/index.php?rest_route=%2Fwp%2Fv2%2Fcomments&post=95365"}],"version-history":[{"count":1,"href":"https:\/\/www.egemtv.com\/index.php?rest_route=\/wp\/v2\/posts\/95365\/revisions"}],"predecessor-version":[{"id":95367,"href":"https:\/\/www.egemtv.com\/index.php?rest_route=\/wp\/v2\/posts\/95365\/revisions\/95367"}],"wp:featuredmedia":[{"embeddable":true,"href":"https:\/\/www.egemtv.com\/index.php?rest_route=\/wp\/v2\/media\/95366"}],"wp:attachment":[{"href":"https:\/\/www.egemtv.com\/index.php?rest_route=%2Fwp%2Fv2%2Fmedia&parent=95365"}],"wp:term":[{"taxonomy":"category","embeddable":true,"href":"https:\/\/www.egemtv.com\/index.php?rest_route=%2Fwp%2Fv2%2Fcategories&post=95365"},{"taxonomy":"post_tag","embeddable":true,"href":"https:\/\/www.egemtv.com\/index.php?rest_route=%2Fwp%2Fv2%2Ftags&post=95365"}],"curies":[{"name":"wp","href":"https:\/\/api.w.org\/{rel}","templated":true}]}}