{"id":95362,"date":"2026-03-26T21:30:38","date_gmt":"2026-03-26T18:30:38","guid":{"rendered":"https:\/\/www.egemtv.com\/?p=95362"},"modified":"2026-03-26T21:30:39","modified_gmt":"2026-03-26T18:30:39","slug":"soke-ve-cinede-uyusturucu-operasyonu-2-supheli-tutuklandi","status":"publish","type":"post","link":"https:\/\/www.egemtv.com\/?p=95362","title":{"rendered":"S\u00f6ke ve \u00c7ine\u2019de uyu\u015fturucu operasyonu: 2 \u015f\u00fcpheli tutukland\u0131"},"content":{"rendered":"<p>Ayd\u0131n\u2019\u0131n S\u00f6ke ve \u00c7ine il\u00e7elerinde narkotik ekipleri taraf\u0131ndan ger\u00e7ekle\u015ftirilen iki ayr\u0131 operasyonda 632 gram uyu\u015fturucu madde ile 384 adet sentetik ecza ele ge\u00e7irilirken, g\u00f6zalt\u0131na al\u0131nan 2 \u015f\u00fcpheli tutukland\u0131.<br \/>\n<br \/>Ayd\u0131n \u0130l Emniyet M\u00fcd\u00fcrl\u00fc\u011f\u00fc Narkotik Su\u00e7larla M\u00fccadele \u015eube M\u00fcd\u00fcrl\u00fc\u011f\u00fc ile S\u00f6ke Narkotik Su\u00e7larla M\u00fccadele B\u00fcro Amirli\u011fi ekiplerince uyu\u015fturucu madde ticareti ve kullan\u0131m\u0131n\u0131n \u00f6nlenmesine y\u00f6nelik \u00e7al\u0131\u015fmalar\u0131 kapsam\u0131nda S\u00f6ke ve \u00c7ine il\u00e7elerinde iki ayr\u0131 operasyon d\u00fczenlendi. D\u00fczenlenen operasyonlarda Y.K. ve M.S.G. isimli \u015f\u00fcpheliler yakaland\u0131. Narkotik k\u00f6pekleri e\u015fli\u011finde yap\u0131lan aramalarda 632 gram uyu\u015fturucu madde ile 384 adet sentetik ecza ele ge\u00e7irildi. G\u00f6zalt\u0131na al\u0131nan \u015f\u00fcpheliler hakk\u0131nda T\u00fcrk Ceza Kanunu\u2019nun 188\u2019inci maddesi kapsam\u0131nda \u2019uyu\u015fturucu madde ticareti\u2019 su\u00e7undan adli i\u015flem ba\u015flat\u0131ld\u0131. Emniyetteki i\u015flemlerinin ard\u0131ndan adliyeye sevk edilen Y.K. ve M.S.G., \u00e7\u0131kar\u0131ld\u0131klar\u0131 mahkemece tutuklanarak cezaevine g\u00f6nderildi.<br \/><\/p>\n","protected":false},"excerpt":{"rendered":"<p>Ayd\u0131n\u2019\u0131n S\u00f6ke ve \u00c7ine il\u00e7elerinde narkotik ekipleri taraf\u0131ndan ger\u00e7ekle\u015ftirilen iki ayr\u0131 operasyonda 632 gram uyu\u015fturucu madde ile 384 adet sentetik ecza ele ge\u00e7irilirken, g\u00f6zalt\u0131na al\u0131nan 2 \u015f\u00fcpheli tutukland\u0131. Ayd\u0131n \u0130l Emniyet M\u00fcd\u00fcrl\u00fc\u011f\u00fc Narkotik Su\u00e7larla M\u00fccadele \u015eube M\u00fcd\u00fcrl\u00fc\u011f\u00fc ile S\u00f6ke Narkotik Su\u00e7larla M\u00fccadele B\u00fcro Amirli\u011fi ekiplerince uyu\u015fturucu madde ticareti ve kullan\u0131m\u0131n\u0131n \u00f6nlenmesine y\u00f6nelik \u00e7al\u0131\u015fmalar\u0131 kapsam\u0131nda S\u00f6ke&#8230;<\/p>\n","protected":false},"author":1,"featured_media":95363,"comment_status":"open","ping_status":"open","sticky":false,"template":"","format":"standard","meta":{"_crdt_document":"","footnotes":""},"categories":[5],"tags":[],"class_list":["post-95362","post","type-post","status-publish","format-standard","has-post-thumbnail","hentry","category-asayis"],"_links":{"self":[{"href":"https:\/\/www.egemtv.com\/index.php?rest_route=\/wp\/v2\/posts\/95362","targetHints":{"allow":["GET"]}}],"collection":[{"href":"https:\/\/www.egemtv.com\/index.php?rest_route=\/wp\/v2\/posts"}],"about":[{"href":"https:\/\/www.egemtv.com\/index.php?rest_route=\/wp\/v2\/types\/post"}],"author":[{"embeddable":true,"href":"https:\/\/www.egemtv.com\/index.php?rest_route=\/wp\/v2\/users\/1"}],"replies":[{"embeddable":true,"href":"https:\/\/www.egemtv.com\/index.php?rest_route=%2Fwp%2Fv2%2Fcomments&post=95362"}],"version-history":[{"count":1,"href":"https:\/\/www.egemtv.com\/index.php?rest_route=\/wp\/v2\/posts\/95362\/revisions"}],"predecessor-version":[{"id":95364,"href":"https:\/\/www.egemtv.com\/index.php?rest_route=\/wp\/v2\/posts\/95362\/revisions\/95364"}],"wp:featuredmedia":[{"embeddable":true,"href":"https:\/\/www.egemtv.com\/index.php?rest_route=\/wp\/v2\/media\/95363"}],"wp:attachment":[{"href":"https:\/\/www.egemtv.com\/index.php?rest_route=%2Fwp%2Fv2%2Fmedia&parent=95362"}],"wp:term":[{"taxonomy":"category","embeddable":true,"href":"https:\/\/www.egemtv.com\/index.php?rest_route=%2Fwp%2Fv2%2Fcategories&post=95362"},{"taxonomy":"post_tag","embeddable":true,"href":"https:\/\/www.egemtv.com\/index.php?rest_route=%2Fwp%2Fv2%2Ftags&post=95362"}],"curies":[{"name":"wp","href":"https:\/\/api.w.org\/{rel}","templated":true}]}}