{"id":95359,"date":"2026-03-26T20:56:02","date_gmt":"2026-03-26T17:56:02","guid":{"rendered":"https:\/\/www.egemtv.com\/?p=95359"},"modified":"2026-03-26T20:56:04","modified_gmt":"2026-03-26T17:56:04","slug":"bodrumda-turizm-sezonu-oncesi-dev-bulusma-hotel-show-kapilarini-acti","status":"publish","type":"post","link":"https:\/\/www.egemtv.com\/?p=95359","title":{"rendered":"Bodrum\u2019da turizm sezonu \u00f6ncesi dev bulu\u015fma: Hotel Show kap\u0131lar\u0131n\u0131 a\u00e7t\u0131"},"content":{"rendered":"<p>Mu\u011fla\u2019n\u0131n Bodrum il\u00e7esinde turizm sezonu \u00f6ncesi sekt\u00f6r\u00fcn nabz\u0131n\u0131 tutan Bodrum Hotel Show 2026 ba\u015flad\u0131.<br \/>\n<br \/>G\u0131da ve i\u00e7ecekten konaklamaya, teknik ekipmanlardan a\u011f\u0131rlama \u00e7\u00f6z\u00fcmlerine kadar geni\u015f bir alanda \u00fcr\u00fcn ve hizmetlerin sergilendi\u011fi fuarda yakla\u015f\u0131k 60 firma, 300\u2019\u00fcn \u00fczerinde markayla yer ald\u0131. Bodrum Belediyesi ve Bodrum Otelciler Derne\u011fi ba\u015fta olmak \u00fczere \u00e7e\u015fitli sivil toplum kurulu\u015flar\u0131n\u0131n destek verdi\u011fi organizasyonda sekt\u00f6r temsilcileri, yeni i\u015f birlikleri i\u00e7in temaslarda bulundu. Herodot K\u00fclt\u00fcr Merkezi\u2019nde d\u00fczenlenen a\u00e7\u0131l\u0131\u015f t\u00f6renine Bodrum Kaymakam\u0131 Ali S\u0131rmal\u0131, Bodrum Belediye Ba\u015fkan\u0131 Tamer Mandalinci, BODER Ba\u015fkan\u0131 \u00d6mer Faruk Dengiz ve \u00e7ok say\u0131da davetli kat\u0131ld\u0131. A\u00e7\u0131l\u0131\u015f\u0131n ard\u0131ndan protokol \u00fcyeleri stantlar\u0131 gezerek, kat\u0131l\u0131mc\u0131lardan bilgi ald\u0131. S\u00f6yle\u015fi programlar\u0131 ve \u015fef g\u00f6sterimleriyle de dikkat \u00e7eken fuar\u0131n 28 Mart\u2019a kadar ziyaret\u00e7ilerini a\u011f\u0131rlayaca\u011f\u0131 bildirildi.<\/p>\n<p>5 bin ziyaret\u00e7i bekleniyor<br \/>\n<br \/>A\u00e7\u0131l\u0131\u015fta konu\u015fan Bodrum Kaymakam\u0131 Ali S\u0131rmal\u0131, turizm sekt\u00f6r\u00fcn\u00fcn s\u00fcrekli yenilik gerektirdi\u011fini belirterek, bu t\u00fcr organizasyonlar\u0131n teknolojik geli\u015fmelerin sekt\u00f6re entegrasyonunda \u00f6nemli rol oynad\u0131\u011f\u0131n\u0131 ifade etti.<br \/>\n<br \/>Bodrum Belediye Ba\u015fkan\u0131 Tamer Mandalinci ise il\u00e7ede turizmin t\u00fcm zorluklara ra\u011fmen g\u00fc\u00e7l\u00fc \u015fekilde s\u00fcrd\u00fc\u011f\u00fcn\u00fc belirterek, fuar\u0131n y\u00fcksek kat\u0131l\u0131mla ger\u00e7ekle\u015fece\u011fini s\u00f6yledi.<br \/>\n<br \/>BODER Ba\u015fkan\u0131 \u00d6mer Faruk Dengiz, organizasyonun her y\u0131l b\u00fcy\u00fcd\u00fc\u011f\u00fcn\u00fc vurgulayarak, fuar\u0131n geni\u015fleyen alan\u0131yla birlikte Bodrum\u2019un en kapsaml\u0131 turizm bulu\u015fmalar\u0131ndan biri haline geldi\u011fini kaydetti. Dengiz, \u00e7evre turizm merkezlerinden de kat\u0131l\u0131m\u0131n oldu\u011funu belirterek, fuara yakla\u015f\u0131k 5 bin ziyaret\u00e7inin beklendi\u011fini a\u00e7\u0131klad\u0131.<br \/><\/p>\n","protected":false},"excerpt":{"rendered":"<p>Mu\u011fla\u2019n\u0131n Bodrum il\u00e7esinde turizm sezonu \u00f6ncesi sekt\u00f6r\u00fcn nabz\u0131n\u0131 tutan Bodrum Hotel Show 2026 ba\u015flad\u0131. G\u0131da ve i\u00e7ecekten konaklamaya, teknik ekipmanlardan a\u011f\u0131rlama \u00e7\u00f6z\u00fcmlerine kadar geni\u015f bir alanda \u00fcr\u00fcn ve hizmetlerin sergilendi\u011fi fuarda yakla\u015f\u0131k 60 firma, 300\u2019\u00fcn \u00fczerinde markayla yer ald\u0131. Bodrum Belediyesi ve Bodrum Otelciler Derne\u011fi ba\u015fta olmak \u00fczere \u00e7e\u015fitli sivil toplum kurulu\u015flar\u0131n\u0131n destek verdi\u011fi organizasyonda&#8230;<\/p>\n","protected":false},"author":1,"featured_media":95360,"comment_status":"open","ping_status":"open","sticky":false,"template":"","format":"standard","meta":{"_crdt_document":"","footnotes":""},"categories":[125],"tags":[],"class_list":["post-95359","post","type-post","status-publish","format-standard","has-post-thumbnail","hentry","category-ekonomi"],"_links":{"self":[{"href":"https:\/\/www.egemtv.com\/index.php?rest_route=\/wp\/v2\/posts\/95359","targetHints":{"allow":["GET"]}}],"collection":[{"href":"https:\/\/www.egemtv.com\/index.php?rest_route=\/wp\/v2\/posts"}],"about":[{"href":"https:\/\/www.egemtv.com\/index.php?rest_route=\/wp\/v2\/types\/post"}],"author":[{"embeddable":true,"href":"https:\/\/www.egemtv.com\/index.php?rest_route=\/wp\/v2\/users\/1"}],"replies":[{"embeddable":true,"href":"https:\/\/www.egemtv.com\/index.php?rest_route=%2Fwp%2Fv2%2Fcomments&post=95359"}],"version-history":[{"count":1,"href":"https:\/\/www.egemtv.com\/index.php?rest_route=\/wp\/v2\/posts\/95359\/revisions"}],"predecessor-version":[{"id":95361,"href":"https:\/\/www.egemtv.com\/index.php?rest_route=\/wp\/v2\/posts\/95359\/revisions\/95361"}],"wp:featuredmedia":[{"embeddable":true,"href":"https:\/\/www.egemtv.com\/index.php?rest_route=\/wp\/v2\/media\/95360"}],"wp:attachment":[{"href":"https:\/\/www.egemtv.com\/index.php?rest_route=%2Fwp%2Fv2%2Fmedia&parent=95359"}],"wp:term":[{"taxonomy":"category","embeddable":true,"href":"https:\/\/www.egemtv.com\/index.php?rest_route=%2Fwp%2Fv2%2Fcategories&post=95359"},{"taxonomy":"post_tag","embeddable":true,"href":"https:\/\/www.egemtv.com\/index.php?rest_route=%2Fwp%2Fv2%2Ftags&post=95359"}],"curies":[{"name":"wp","href":"https:\/\/api.w.org\/{rel}","templated":true}]}}