{"id":95356,"date":"2026-03-26T20:21:16","date_gmt":"2026-03-26T17:21:16","guid":{"rendered":"https:\/\/www.egemtv.com\/?p=95356"},"modified":"2026-03-26T20:21:19","modified_gmt":"2026-03-26T17:21:19","slug":"aydinda-uyusturucu-operasyonu-1-tutuklama-2","status":"publish","type":"post","link":"https:\/\/www.egemtv.com\/?p=95356","title":{"rendered":"Ayd\u0131n\u2019da uyu\u015fturucu operasyonu: 1 tutuklama"},"content":{"rendered":"<p>Ayd\u0131n\u2019\u0131n Efeler il\u00e7esinde narkotik ekipleri taraf\u0131ndan ger\u00e7ekle\u015ftirilen operasyonda 378 gram uyu\u015fturucu madde ele ge\u00e7irilirken, g\u00f6zalt\u0131na al\u0131nan \u015f\u00fcpheli tutuklanarak cezaevine g\u00f6nderildi.<\/p>\n<p>Ayd\u0131n \u0130l Emniyet M\u00fcd\u00fcrl\u00fc\u011f\u00fc Narkotik Su\u00e7larla M\u00fccadele \u015eube M\u00fcd\u00fcrl\u00fc\u011f\u00fc ekiplerince uyu\u015fturucu madde ticareti ve kullan\u0131m\u0131n\u0131n \u00f6nlenmesine y\u00f6nelik \u00e7al\u0131\u015fmalar aral\u0131ks\u0131z s\u00fcr\u00fcyor. Edinilen bilgiye g\u00f6re, Zafer Mahallesi\u2019nde y\u00fcr\u00fct\u00fclen \u00e7al\u0131\u015fmalar kapsam\u0131nda C.Y. isimli \u015f\u00fcpheli \u015fah\u0131s yakaland\u0131. \u015e\u00fcphelinin \u00fczerinde yap\u0131lan aramalarda toplam 378 gram uyu\u015fturucu madde ele ge\u00e7irildi. G\u00f6zalt\u0131na al\u0131nan C.Y. hakk\u0131nda T\u00fcrk Ceza Kanunu\u2019nun 188\u2019inci maddesi kapsam\u0131nda \u2019uyu\u015fturucu madde ticareti\u2019 su\u00e7undan adli i\u015flem ba\u015flat\u0131ld\u0131. Emniyetteki i\u015flemlerinin ard\u0131ndan adliyeye sevk edilen \u015f\u00fcpheli, \u00e7\u0131kar\u0131ld\u0131\u011f\u0131 mahkemece tutuklanarak cezaevine teslim edildi.<br \/><\/p>\n","protected":false},"excerpt":{"rendered":"<p>Ayd\u0131n\u2019\u0131n Efeler il\u00e7esinde narkotik ekipleri taraf\u0131ndan ger\u00e7ekle\u015ftirilen operasyonda 378 gram uyu\u015fturucu madde ele ge\u00e7irilirken, g\u00f6zalt\u0131na al\u0131nan \u015f\u00fcpheli tutuklanarak cezaevine g\u00f6nderildi. Ayd\u0131n \u0130l Emniyet M\u00fcd\u00fcrl\u00fc\u011f\u00fc Narkotik Su\u00e7larla M\u00fccadele \u015eube M\u00fcd\u00fcrl\u00fc\u011f\u00fc ekiplerince uyu\u015fturucu madde ticareti ve kullan\u0131m\u0131n\u0131n \u00f6nlenmesine y\u00f6nelik \u00e7al\u0131\u015fmalar aral\u0131ks\u0131z s\u00fcr\u00fcyor. Edinilen bilgiye g\u00f6re, Zafer Mahallesi\u2019nde y\u00fcr\u00fct\u00fclen \u00e7al\u0131\u015fmalar kapsam\u0131nda C.Y. isimli \u015f\u00fcpheli \u015fah\u0131s yakaland\u0131. \u015e\u00fcphelinin \u00fczerinde&#8230;<\/p>\n","protected":false},"author":1,"featured_media":95357,"comment_status":"open","ping_status":"open","sticky":false,"template":"","format":"standard","meta":{"_crdt_document":"","footnotes":""},"categories":[5],"tags":[],"class_list":["post-95356","post","type-post","status-publish","format-standard","has-post-thumbnail","hentry","category-asayis"],"_links":{"self":[{"href":"https:\/\/www.egemtv.com\/index.php?rest_route=\/wp\/v2\/posts\/95356","targetHints":{"allow":["GET"]}}],"collection":[{"href":"https:\/\/www.egemtv.com\/index.php?rest_route=\/wp\/v2\/posts"}],"about":[{"href":"https:\/\/www.egemtv.com\/index.php?rest_route=\/wp\/v2\/types\/post"}],"author":[{"embeddable":true,"href":"https:\/\/www.egemtv.com\/index.php?rest_route=\/wp\/v2\/users\/1"}],"replies":[{"embeddable":true,"href":"https:\/\/www.egemtv.com\/index.php?rest_route=%2Fwp%2Fv2%2Fcomments&post=95356"}],"version-history":[{"count":1,"href":"https:\/\/www.egemtv.com\/index.php?rest_route=\/wp\/v2\/posts\/95356\/revisions"}],"predecessor-version":[{"id":95358,"href":"https:\/\/www.egemtv.com\/index.php?rest_route=\/wp\/v2\/posts\/95356\/revisions\/95358"}],"wp:featuredmedia":[{"embeddable":true,"href":"https:\/\/www.egemtv.com\/index.php?rest_route=\/wp\/v2\/media\/95357"}],"wp:attachment":[{"href":"https:\/\/www.egemtv.com\/index.php?rest_route=%2Fwp%2Fv2%2Fmedia&parent=95356"}],"wp:term":[{"taxonomy":"category","embeddable":true,"href":"https:\/\/www.egemtv.com\/index.php?rest_route=%2Fwp%2Fv2%2Fcategories&post=95356"},{"taxonomy":"post_tag","embeddable":true,"href":"https:\/\/www.egemtv.com\/index.php?rest_route=%2Fwp%2Fv2%2Ftags&post=95356"}],"curies":[{"name":"wp","href":"https:\/\/api.w.org\/{rel}","templated":true}]}}