{"id":95353,"date":"2026-03-26T19:10:35","date_gmt":"2026-03-26T16:10:35","guid":{"rendered":"https:\/\/www.egemtv.com\/?p=95353"},"modified":"2026-03-26T19:10:36","modified_gmt":"2026-03-26T16:10:36","slug":"manisa-buyuksehir-personeline-yapay-zeka-ve-veri-yonetimi-egitimi","status":"publish","type":"post","link":"https:\/\/www.egemtv.com\/?p=95353","title":{"rendered":"Manisa B\u00fcy\u00fck\u015fehir personeline yapay zeka ve veri y\u00f6netimi e\u011fitimi"},"content":{"rendered":"<p>Manisa B\u00fcy\u00fck\u015fehir Belediyesi, y\u00f6netici ve personelin dijital yetkinliklerini art\u0131rmak amac\u0131yla \u2018Yapay Zeka ve Veri Y\u00f6netimi\u2019 e\u011fitimi d\u00fczenledi. \u0130ki oturum halinde ger\u00e7ekle\u015ftirilen programda kat\u0131l\u0131mc\u0131lar, yapay zeka teknolojilerinden veri analizine kadar geni\u015f bir yelpazede teknik ve pratik bilgi edindi.<br \/>\n<br \/>\u0130nsan Kaynaklar\u0131 ve E\u011fitim Dairesi Ba\u015fkanl\u0131\u011f\u0131 koordinesinde Atat\u00fcrk Gen\u00e7lik Merkezi\u2019nde d\u00fczenlenen e\u011fitimi, T\u00fcrkiye Belediyeler Birli\u011fi (TBB) uzman e\u011fitmeni Kadir Efe Oru\u00e7 verdi. Genel Sekreter Yard\u0131mc\u0131s\u0131 P\u0131nar Mine Hac\u0131alibeyo\u011flu\u2019nun da takip etti\u011fi ve yakla\u015f\u0131k 300 personelin kat\u0131ld\u0131\u011f\u0131 program, interaktif bir formatta s\u00fcrd\u00fcr\u00fcld\u00fc.<br \/>\n<br \/>E\u011fitimin ilk b\u00f6l\u00fcm\u00fcnde makine \u00f6\u011frenmesi ile derin \u00f6\u011frenme aras\u0131ndaki farklar, g\u00f6r\u00fcnt\u00fc i\u015fleme sistemleri ve b\u00fcy\u00fck dil modellerinin \u00e7al\u0131\u015fma yap\u0131s\u0131 uygulamal\u0131 olarak anlat\u0131ld\u0131. Arama motorlar\u0131 ile yapay zeka tabanl\u0131 dil modellerinin kar\u015f\u0131la\u015ft\u0131rmal\u0131 analizinin yap\u0131ld\u0131\u011f\u0131 oturumda, teknolojinin g\u00fcncel trendleri ve gelece\u011fe y\u00f6nelik \u00f6ng\u00f6r\u00fcler payla\u015f\u0131ld\u0131.<br \/>\n<br \/>\u0130kinci oturumda teorik bilgiler prati\u011fe d\u00f6k\u00fcld\u00fc. Kat\u0131l\u0131mc\u0131lar, 3 milyon sat\u0131rdan olu\u015fan dev bir veri seti \u00fczerinde Google Colab ortam\u0131nda kodlama uygulamas\u0131 yapt\u0131. M\u00fc\u015fteri g\u00f6r\u00fc\u015flerinin yapay zeka destekli istatistiksel y\u00f6ntemlerle analiz edildi\u011fi \u00e7al\u0131\u015fmada, elde edilen \u00e7\u0131kt\u0131lar\u0131n kurumsal karar alma s\u00fcre\u00e7lerine nas\u0131l entegre edilebilece\u011fi somut \u00f6rneklerle g\u00f6sterildi.<br \/>\n<br \/>E\u011fitimin son b\u00f6l\u00fcm\u00fcnde ise yapay zekan\u0131n yerel y\u00f6netimlerdeki ba\u015far\u0131l\u0131 uygulama \u00f6rneklerine odaklan\u0131ld\u0131. Dijital ikiz teknolojileri, ula\u015f\u0131m ve \u00e7evre y\u00f6netimi gibi alanlardaki g\u00fcncel projeler kat\u0131l\u0131mc\u0131lara tan\u0131t\u0131ld\u0131. Program, teknoloji kullan\u0131m\u0131 ve yapay zeka eti\u011fi \u00fczerine yap\u0131lan de\u011ferlendirmelerin ard\u0131ndan sona erdi.<br \/><\/p>\n","protected":false},"excerpt":{"rendered":"<p>Manisa B\u00fcy\u00fck\u015fehir Belediyesi, y\u00f6netici ve personelin dijital yetkinliklerini art\u0131rmak amac\u0131yla \u2018Yapay Zeka ve Veri Y\u00f6netimi\u2019 e\u011fitimi d\u00fczenledi. \u0130ki oturum halinde ger\u00e7ekle\u015ftirilen programda kat\u0131l\u0131mc\u0131lar, yapay zeka teknolojilerinden veri analizine kadar geni\u015f bir yelpazede teknik ve pratik bilgi edindi. \u0130nsan Kaynaklar\u0131 ve E\u011fitim Dairesi Ba\u015fkanl\u0131\u011f\u0131 koordinesinde Atat\u00fcrk Gen\u00e7lik Merkezi\u2019nde d\u00fczenlenen e\u011fitimi, T\u00fcrkiye Belediyeler Birli\u011fi (TBB) uzman e\u011fitmeni&#8230;<\/p>\n","protected":false},"author":1,"featured_media":95354,"comment_status":"open","ping_status":"open","sticky":false,"template":"","format":"standard","meta":{"_crdt_document":"","footnotes":""},"categories":[124],"tags":[],"class_list":["post-95353","post","type-post","status-publish","format-standard","has-post-thumbnail","hentry","category-bilim"],"_links":{"self":[{"href":"https:\/\/www.egemtv.com\/index.php?rest_route=\/wp\/v2\/posts\/95353","targetHints":{"allow":["GET"]}}],"collection":[{"href":"https:\/\/www.egemtv.com\/index.php?rest_route=\/wp\/v2\/posts"}],"about":[{"href":"https:\/\/www.egemtv.com\/index.php?rest_route=\/wp\/v2\/types\/post"}],"author":[{"embeddable":true,"href":"https:\/\/www.egemtv.com\/index.php?rest_route=\/wp\/v2\/users\/1"}],"replies":[{"embeddable":true,"href":"https:\/\/www.egemtv.com\/index.php?rest_route=%2Fwp%2Fv2%2Fcomments&post=95353"}],"version-history":[{"count":1,"href":"https:\/\/www.egemtv.com\/index.php?rest_route=\/wp\/v2\/posts\/95353\/revisions"}],"predecessor-version":[{"id":95355,"href":"https:\/\/www.egemtv.com\/index.php?rest_route=\/wp\/v2\/posts\/95353\/revisions\/95355"}],"wp:featuredmedia":[{"embeddable":true,"href":"https:\/\/www.egemtv.com\/index.php?rest_route=\/wp\/v2\/media\/95354"}],"wp:attachment":[{"href":"https:\/\/www.egemtv.com\/index.php?rest_route=%2Fwp%2Fv2%2Fmedia&parent=95353"}],"wp:term":[{"taxonomy":"category","embeddable":true,"href":"https:\/\/www.egemtv.com\/index.php?rest_route=%2Fwp%2Fv2%2Fcategories&post=95353"},{"taxonomy":"post_tag","embeddable":true,"href":"https:\/\/www.egemtv.com\/index.php?rest_route=%2Fwp%2Fv2%2Ftags&post=95353"}],"curies":[{"name":"wp","href":"https:\/\/api.w.org\/{rel}","templated":true}]}}