{"id":95350,"date":"2026-03-26T18:35:35","date_gmt":"2026-03-26T15:35:35","guid":{"rendered":"https:\/\/www.egemtv.com\/?p=95350"},"modified":"2026-03-26T18:35:36","modified_gmt":"2026-03-26T15:35:36","slug":"manisada-diyabet-hastalarinin-seker-olcum-sensorleri-buyuksehirden","status":"publish","type":"post","link":"https:\/\/www.egemtv.com\/?p=95350","title":{"rendered":"Manisa\u2019da diyabet hastalar\u0131n\u0131n \u015feker \u00f6l\u00e7\u00fcm sens\u00f6rleri B\u00fcy\u00fck\u015fehir\u2019den"},"content":{"rendered":"<p>Manisa B\u00fcy\u00fck\u015fehir Belediyesi, diyabetle m\u00fccadele eden vatanda\u015flar\u0131n ya\u015fam kalitesini art\u0131rmak i\u00e7in anlaml\u0131 bir projeyi hayata ge\u00e7irdi. Sosyal belediyecilik anlay\u0131\u015f\u0131yla ba\u015flat\u0131lan \u00e7al\u0131\u015fma kapsam\u0131nda, Manisa\u2019da ikamet eden ihtiya\u00e7 sahibi Tip-1 diyabet hastalar\u0131na \u015feker \u00f6l\u00e7\u00fcm sens\u00f6r\u00fc deste\u011fi verilecek.<br \/>\n<br \/>\u00d6zellikle 18 ya\u015f\u0131n\u0131 dolduran bireylerde devlet deste\u011finin sona ermesiyle olu\u015fan ma\u011fduriyeti gidermeyi hedefleyen Manisa B\u00fcy\u00fck\u015fehir Belediyesi, y\u00fcksek maliyeti nedeniyle temin edilmekte zorlan\u0131lan bu cihazlar\u0131 hak sahibi vatanda\u015flara \u00fccretsiz ula\u015ft\u0131racak. Destekten yararlanmak i\u00e7in Manisa il s\u0131n\u0131rlar\u0131nda ikamet etmek, diyabet tan\u0131s\u0131 alm\u0131\u015f olmak ve sosyal yard\u0131m kriterlerine uygunluk \u015fart\u0131 aranacak.<\/p>\n<p>Ba\u015fvurular dijital ortamda al\u0131nacak<br \/>\n<br \/>18 ya\u015f alt\u0131 hastalar\u0131n ba\u015fvurular\u0131 devlet deste\u011fi kapsam\u0131nda olduklar\u0131 i\u00e7in kabul edilmeyecek. Proje yaln\u0131zca 18 ya\u015f \u00fczeri ihtiya\u00e7 sahiplerini kapsayacak. Adaylar, Manisa B\u00fcy\u00fck\u015fehir Belediyesinin resmi internet sitesindeki ba\u015fvuru linki \u00fczerinden form doldurarak taleplerini iletebilecek. Ba\u015fvuru s\u0131ras\u0131nda sa\u011fl\u0131k raporunun sisteme y\u00fcklenmesi zorunlu tutulurken, raporu eksik olan ba\u015fvurular ge\u00e7ersiz say\u0131lacak.<\/p>\n<p>&#8220;Bu cihazlar l\u00fcks de\u011fil, hayati bir ihtiya\u00e7t\u0131r&#8221;<br \/>\n<br \/>Hizmetin \u00f6nemine dikkat \u00e7eken Manisa B\u00fcy\u00fck\u015fehir Belediye Ba\u015fkan\u0131 Besim Dutlulu, vatanda\u015flar\u0131n sa\u011fl\u0131\u011fa eri\u015fimini kolayla\u015ft\u0131rmaya devam edeceklerini belirterek \u015funlar\u0131 s\u00f6yledi: &#8220;Manisa B\u00fcy\u00fck\u015fehir Belediyesi olarak en \u00f6ncelikli g\u00f6revimiz, hem\u015fehrilerimizin ya\u015fam kalitesini art\u0131rmak ve halk sa\u011fl\u0131\u011f\u0131n\u0131 korumak ad\u0131na her t\u00fcrl\u00fc imkan\u0131 seferber etmektir. \u015eeker \u00f6l\u00e7\u00fcm sens\u00f6rleri, diyabet hastalar\u0131m\u0131z i\u00e7in bir tercih de\u011fil, hayati bir zorunluluktur. 18 ya\u015f\u0131ndan sonra bu deste\u011fin kesilmesi hem\u015ferilerimizi hem sa\u011fl\u0131k hem de ekonomik a\u00e7\u0131dan zor bir durumda b\u0131rak\u0131yordu. Manisa B\u00fcy\u00fck\u015fehir Belediyesi olarak bu y\u00fck\u00fc devral\u0131yor ve sens\u00f6rleri ihtiya\u00e7 sahibi vatanda\u015flar\u0131m\u0131za biz sa\u011fl\u0131yoruz. Kimsenin imkans\u0131zl\u0131k nedeniyle sa\u011fl\u0131\u011f\u0131ndan \u00f6d\u00fcn vermesine izin vermeyece\u011fiz. Her zaman yan\u0131n\u0131zday\u0131z&#8221;<br \/><\/p>\n","protected":false},"excerpt":{"rendered":"<p>Manisa B\u00fcy\u00fck\u015fehir Belediyesi, diyabetle m\u00fccadele eden vatanda\u015flar\u0131n ya\u015fam kalitesini art\u0131rmak i\u00e7in anlaml\u0131 bir projeyi hayata ge\u00e7irdi. Sosyal belediyecilik anlay\u0131\u015f\u0131yla ba\u015flat\u0131lan \u00e7al\u0131\u015fma kapsam\u0131nda, Manisa\u2019da ikamet eden ihtiya\u00e7 sahibi Tip-1 diyabet hastalar\u0131na \u015feker \u00f6l\u00e7\u00fcm sens\u00f6r\u00fc deste\u011fi verilecek. \u00d6zellikle 18 ya\u015f\u0131n\u0131 dolduran bireylerde devlet deste\u011finin sona ermesiyle olu\u015fan ma\u011fduriyeti gidermeyi hedefleyen Manisa B\u00fcy\u00fck\u015fehir Belediyesi, y\u00fcksek maliyeti nedeniyle temin&#8230;<\/p>\n","protected":false},"author":1,"featured_media":95351,"comment_status":"open","ping_status":"open","sticky":false,"template":"","format":"standard","meta":{"_crdt_document":"","footnotes":""},"categories":[2],"tags":[],"class_list":["post-95350","post","type-post","status-publish","format-standard","has-post-thumbnail","hentry","category-saglik"],"_links":{"self":[{"href":"https:\/\/www.egemtv.com\/index.php?rest_route=\/wp\/v2\/posts\/95350","targetHints":{"allow":["GET"]}}],"collection":[{"href":"https:\/\/www.egemtv.com\/index.php?rest_route=\/wp\/v2\/posts"}],"about":[{"href":"https:\/\/www.egemtv.com\/index.php?rest_route=\/wp\/v2\/types\/post"}],"author":[{"embeddable":true,"href":"https:\/\/www.egemtv.com\/index.php?rest_route=\/wp\/v2\/users\/1"}],"replies":[{"embeddable":true,"href":"https:\/\/www.egemtv.com\/index.php?rest_route=%2Fwp%2Fv2%2Fcomments&post=95350"}],"version-history":[{"count":1,"href":"https:\/\/www.egemtv.com\/index.php?rest_route=\/wp\/v2\/posts\/95350\/revisions"}],"predecessor-version":[{"id":95352,"href":"https:\/\/www.egemtv.com\/index.php?rest_route=\/wp\/v2\/posts\/95350\/revisions\/95352"}],"wp:featuredmedia":[{"embeddable":true,"href":"https:\/\/www.egemtv.com\/index.php?rest_route=\/wp\/v2\/media\/95351"}],"wp:attachment":[{"href":"https:\/\/www.egemtv.com\/index.php?rest_route=%2Fwp%2Fv2%2Fmedia&parent=95350"}],"wp:term":[{"taxonomy":"category","embeddable":true,"href":"https:\/\/www.egemtv.com\/index.php?rest_route=%2Fwp%2Fv2%2Fcategories&post=95350"},{"taxonomy":"post_tag","embeddable":true,"href":"https:\/\/www.egemtv.com\/index.php?rest_route=%2Fwp%2Fv2%2Ftags&post=95350"}],"curies":[{"name":"wp","href":"https:\/\/api.w.org\/{rel}","templated":true}]}}