{"id":95347,"date":"2026-03-26T18:35:34","date_gmt":"2026-03-26T15:35:34","guid":{"rendered":"https:\/\/www.egemtv.com\/?p=95347"},"modified":"2026-03-26T18:35:35","modified_gmt":"2026-03-26T15:35:35","slug":"izmir-buyuksehir-belediyesinden-kamuya-buyuk-destek","status":"publish","type":"post","link":"https:\/\/www.egemtv.com\/?p=95347","title":{"rendered":"\u0130zmir B\u00fcy\u00fck\u015fehir Belediyesi\u2019nden kamuya b\u00fcy\u00fck destek"},"content":{"rendered":"<p>\u0130zmir B\u00fcy\u00fck\u015fehir Belediyesi\u2019nin hizmet ve faaliyetlerinde kulland\u0131\u011f\u0131 baz\u0131 binalar\u0131n Vak\u0131flar Genel M\u00fcd\u00fcrl\u00fc\u011f\u00fc\u2019ne devredilmesine kar\u015f\u0131 ba\u015flatt\u0131\u011f\u0131 hukuk m\u00fccadelesi s\u00fcrerken, belediye envanterindeki kay\u0131tlar \u00f6nemli bir ger\u00e7e\u011fi ortaya \u00e7\u0131kard\u0131. B\u00fcy\u00fck\u015fehir Belediyesi\u2019nin son y\u0131llarda merkezi idareye ba\u011fl\u0131 kurumlara m\u00fclkiyetindeki ta\u015f\u0131nmazlarla ilgili 81 adet tahsis i\u015flemi yapt\u0131\u011f\u0131, toplam 287 bin metrekareyi kamu kurumlar\u0131n\u0131n kullan\u0131m\u0131na sundu\u011fu tespit edildi.<br \/>\n<br \/>Gasilhane, Egemenlik Evi, Meslek Fabrikas\u0131 ve Namazgah Hamam\u0131 gibi \u0130zmir B\u00fcy\u00fck\u015fehir Belediyesi\u2019ne ait ve tamam\u0131 halk\u0131n hizmetinde aktif olarak kullan\u0131lan ta\u015f\u0131nmazlara Vak\u0131flar Genel M\u00fcd\u00fcrl\u00fc\u011f\u00fc taraf\u0131ndan el koyulmas\u0131 y\u00f6n\u00fcndeki giri\u015fimler yarg\u0131ya ta\u015f\u0131nd\u0131. Tart\u0131\u015fma, Ba\u015fkan Dr. Cemil Tugay\u2019\u0131n \u0130zmir\u2019in hakk\u0131na hukukuna sahip \u00e7\u0131kma \u00e7a\u011fr\u0131s\u0131yla birlikte kamuoyunda b\u00fcy\u00fck yank\u0131 uyand\u0131rd\u0131.<br \/>\n<br \/>\u00d6te yandan \u0130zmir B\u00fcy\u00fck\u015fehir Belediyesi\u2019nin merkezi idareye ba\u011fl\u0131 kurumlara destek olma konusunda yap\u0131c\u0131 bir yakla\u015f\u0131m sergiledi\u011fi de ortaya \u00e7\u0131kt\u0131. \u0130zmir B\u00fcy\u00fck\u015fehir Belediye Meclisi\u2019nin ald\u0131\u011f\u0131 kararlar do\u011frultusunda kamu kurumlar\u0131na belediye envanterinde yer alan ta\u015f\u0131nmazlardan toplam 81 adet tahsis ger\u00e7ekle\u015ftirildi. Bu tahsislerin toplam b\u00fcy\u00fckl\u00fc\u011f\u00fc ise 287 bin 328 metrekareyi a\u015f\u0131yor. Tahsislerin tamam\u0131, belediye meclisinde al\u0131nan kararlar do\u011frultusunda ve ilgili kurumlar\u0131n talepleri \u00fczerine hayata ge\u00e7irildi.<\/p>\n<p>En fazla tahsis din ve e\u011fitim hizmetlerine<br \/>\n<br \/>Tahsislerin \u00f6nemli bir b\u00f6l\u00fcm\u00fcn\u00fcn e\u011fitim, sa\u011fl\u0131k ve dini hizmetler gibi do\u011frudan vatanda\u015f\u0131n g\u00fcnl\u00fck ya\u015fam\u0131na temas eden alanlarda yo\u011funla\u015ft\u0131\u011f\u0131 g\u00f6r\u00fcl\u00fcyor. Kurum bazl\u0131 da\u011f\u0131l\u0131ma bak\u0131ld\u0131\u011f\u0131nda en fazla tahsisin m\u00fcft\u00fcl\u00fckler ve e\u011fitim kurumlar\u0131 i\u00e7in yap\u0131ld\u0131\u011f\u0131 dikkat \u00e7ekiyor. \u0130l M\u00fcft\u00fcl\u00fc\u011f\u00fc ve il\u00e7e m\u00fcft\u00fcl\u00fcklerine y\u00f6nelik tahsisler toplamda listenin en b\u00fcy\u00fck k\u0131sm\u0131n\u0131 olu\u015ftururken, bunu \u0130l Milli E\u011fitim M\u00fcd\u00fcrl\u00fc\u011f\u00fc izliyor. Bu iki alan, toplam tahsislerin hem say\u0131 hem de metrekare a\u00e7\u0131s\u0131ndan b\u00fcy\u00fck b\u00f6l\u00fcm\u00fcn\u00fc kaps\u0131yor. Sa\u011fl\u0131k Bakanl\u0131\u011f\u0131, K\u00fclt\u00fcr ve Turizm Bakanl\u0131\u011f\u0131 ile emniyet birimlerine yap\u0131lan tahsisler de dikkat \u00e7eken di\u011fer ba\u015fl\u0131klar aras\u0131nda yer al\u0131yor. \u00dcniversiteler ve di\u011fer kamu kurulu\u015flar\u0131na da tahsisler bulunuyor.<br \/>\n<br \/>Toplam 81 tahsisin 30\u2019unun \u0130l M\u00fcft\u00fcl\u00fc\u011f\u00fc\u2019ne, 16\u2019s\u0131n\u0131n \u0130l Milli E\u011fitim M\u00fcd\u00fcrl\u00fc\u011f\u00fc\u2019ne, 10\u2019unun Sa\u011fl\u0131k Bakanl\u0131\u011f\u0131\u2019na, 6\u2019s\u0131n\u0131n K\u00fclt\u00fcr ve Turizm Bakanl\u0131\u011f\u0131\u2019na, 4\u2019\u00fcn\u00fcn \u0130zmir Emniyet M\u00fcd\u00fcrl\u00fc\u011f\u00fc\u2019ne, 2\u2019sinin Dokuz Eyl\u00fcl \u00dcniversitesi\u2019ne yap\u0131ld\u0131\u011f\u0131 g\u00f6r\u00fcl\u00fcyor.<br \/><\/p>\n","protected":false},"excerpt":{"rendered":"<p>\u0130zmir B\u00fcy\u00fck\u015fehir Belediyesi\u2019nin hizmet ve faaliyetlerinde kulland\u0131\u011f\u0131 baz\u0131 binalar\u0131n Vak\u0131flar Genel M\u00fcd\u00fcrl\u00fc\u011f\u00fc\u2019ne devredilmesine kar\u015f\u0131 ba\u015flatt\u0131\u011f\u0131 hukuk m\u00fccadelesi s\u00fcrerken, belediye envanterindeki kay\u0131tlar \u00f6nemli bir ger\u00e7e\u011fi ortaya \u00e7\u0131kard\u0131. B\u00fcy\u00fck\u015fehir Belediyesi\u2019nin son y\u0131llarda merkezi idareye ba\u011fl\u0131 kurumlara m\u00fclkiyetindeki ta\u015f\u0131nmazlarla ilgili 81 adet tahsis i\u015flemi yapt\u0131\u011f\u0131, toplam 287 bin metrekareyi kamu kurumlar\u0131n\u0131n kullan\u0131m\u0131na sundu\u011fu tespit edildi. Gasilhane, Egemenlik Evi,&#8230;<\/p>\n","protected":false},"author":1,"featured_media":95348,"comment_status":"open","ping_status":"open","sticky":false,"template":"","format":"standard","meta":{"_crdt_document":"","footnotes":""},"categories":[1],"tags":[],"class_list":["post-95347","post","type-post","status-publish","format-standard","has-post-thumbnail","hentry","category-guncel"],"_links":{"self":[{"href":"https:\/\/www.egemtv.com\/index.php?rest_route=\/wp\/v2\/posts\/95347","targetHints":{"allow":["GET"]}}],"collection":[{"href":"https:\/\/www.egemtv.com\/index.php?rest_route=\/wp\/v2\/posts"}],"about":[{"href":"https:\/\/www.egemtv.com\/index.php?rest_route=\/wp\/v2\/types\/post"}],"author":[{"embeddable":true,"href":"https:\/\/www.egemtv.com\/index.php?rest_route=\/wp\/v2\/users\/1"}],"replies":[{"embeddable":true,"href":"https:\/\/www.egemtv.com\/index.php?rest_route=%2Fwp%2Fv2%2Fcomments&post=95347"}],"version-history":[{"count":1,"href":"https:\/\/www.egemtv.com\/index.php?rest_route=\/wp\/v2\/posts\/95347\/revisions"}],"predecessor-version":[{"id":95349,"href":"https:\/\/www.egemtv.com\/index.php?rest_route=\/wp\/v2\/posts\/95347\/revisions\/95349"}],"wp:featuredmedia":[{"embeddable":true,"href":"https:\/\/www.egemtv.com\/index.php?rest_route=\/wp\/v2\/media\/95348"}],"wp:attachment":[{"href":"https:\/\/www.egemtv.com\/index.php?rest_route=%2Fwp%2Fv2%2Fmedia&parent=95347"}],"wp:term":[{"taxonomy":"category","embeddable":true,"href":"https:\/\/www.egemtv.com\/index.php?rest_route=%2Fwp%2Fv2%2Fcategories&post=95347"},{"taxonomy":"post_tag","embeddable":true,"href":"https:\/\/www.egemtv.com\/index.php?rest_route=%2Fwp%2Fv2%2Ftags&post=95347"}],"curies":[{"name":"wp","href":"https:\/\/api.w.org\/{rel}","templated":true}]}}