{"id":95344,"date":"2026-03-26T18:35:33","date_gmt":"2026-03-26T15:35:33","guid":{"rendered":"https:\/\/www.egemtv.com\/?p=95344"},"modified":"2026-03-26T18:35:33","modified_gmt":"2026-03-26T15:35:33","slug":"ortaokul-ogrencisi-akranini-sacindan-tutup-yere-yatirdi-kafasina-ayagiyla-basti","status":"publish","type":"post","link":"https:\/\/www.egemtv.com\/?p=95344","title":{"rendered":"Ortaokul \u00f6\u011frencisi akran\u0131n\u0131 sa\u00e7\u0131ndan tutup yere yat\u0131rd\u0131, kafas\u0131na aya\u011f\u0131yla bast\u0131"},"content":{"rendered":"<p>Isparta\u2019da ortaokul \u00f6\u011frencisi bir k\u0131z, ba\u015fka bir k\u0131z \u00f6\u011frenciyi sa\u00e7\u0131ndan tutarak yere yat\u0131r\u0131p, aya\u011f\u0131yla kafas\u0131na basarak darbetti. O anlar\u0131n arkada\u015flar\u0131 taraf\u0131ndan sosyal medyada payla\u015f\u0131lmas\u0131n\u0131n ard\u0131ndan olayla ilgili polis \u00e7al\u0131\u015fma ba\u015flatt\u0131.<br \/>\n<br \/>Olay, \u00f6\u011fle saatlerinde \u00c7elebiler Mahallesi Hastane Caddesi\u2019nde meydana geldi. Edinilen bilgilere g\u00f6re, ortaokul \u00f6\u011frencisi G.N.K., yolda y\u00fcr\u00fcyen bir ba\u015fka k\u0131z \u00f6\u011frenci B.S.\u2019yi darbetmeye ba\u015flad\u0131. G.N.K., &#8220;Seni bug\u00fcn \u00e7ok d\u00f6vesim var. B\u00f6yle sa\u00e7\u0131ndan tutup duvardan duvara vuras\u0131m var&#8221; diyerek tehditlerde bulundu. Bir s\u00fcre sonra B.S.\u2019yi yere yat\u0131ran G.N.K., B.S.\u2019nin kafas\u0131na aya\u011f\u0131yla basarak, &#8220;Seni b\u00f6yle yerlerde b\u00f6cek gibi ezerim&#8221; s\u00f6zleriyle \u015fiddetine devam etti. Darp olay\u0131 k\u0131z\u0131n arkada\u015flar\u0131 taraf\u0131ndan cep telefonu kameras\u0131yla kaydedildikten sonra sosyal medyaya y\u00fcklendi. Yoldan ge\u00e7enler ise olay\u0131 sadece izlemekle yetindi. G\u00f6r\u00fcnt\u00fclerin sosyal medyada payla\u015f\u0131lmas\u0131n\u0131n ard\u0131ndan aile \u015fikayet\u00e7i oldu. \u0130l Emniyet M\u00fcd\u00fcrl\u00fc\u011f\u00fc \u00c7ocuk \u015eube birimlerince ayn\u0131 g\u00fcn olayla ilgili inceleme ba\u015flat\u0131ld\u0131\u011f\u0131 \u00f6\u011frenildi.<br \/><\/p>\n","protected":false},"excerpt":{"rendered":"<p>Isparta\u2019da ortaokul \u00f6\u011frencisi bir k\u0131z, ba\u015fka bir k\u0131z \u00f6\u011frenciyi sa\u00e7\u0131ndan tutarak yere yat\u0131r\u0131p, aya\u011f\u0131yla kafas\u0131na basarak darbetti. O anlar\u0131n arkada\u015flar\u0131 taraf\u0131ndan sosyal medyada payla\u015f\u0131lmas\u0131n\u0131n ard\u0131ndan olayla ilgili polis \u00e7al\u0131\u015fma ba\u015flatt\u0131. Olay, \u00f6\u011fle saatlerinde \u00c7elebiler Mahallesi Hastane Caddesi\u2019nde meydana geldi. Edinilen bilgilere g\u00f6re, ortaokul \u00f6\u011frencisi G.N.K., yolda y\u00fcr\u00fcyen bir ba\u015fka k\u0131z \u00f6\u011frenci B.S.\u2019yi darbetmeye ba\u015flad\u0131. G.N.K.,&#8230;<\/p>\n","protected":false},"author":1,"featured_media":95345,"comment_status":"open","ping_status":"open","sticky":false,"template":"","format":"standard","meta":{"_crdt_document":"","footnotes":""},"categories":[5],"tags":[],"class_list":["post-95344","post","type-post","status-publish","format-standard","has-post-thumbnail","hentry","category-asayis"],"_links":{"self":[{"href":"https:\/\/www.egemtv.com\/index.php?rest_route=\/wp\/v2\/posts\/95344","targetHints":{"allow":["GET"]}}],"collection":[{"href":"https:\/\/www.egemtv.com\/index.php?rest_route=\/wp\/v2\/posts"}],"about":[{"href":"https:\/\/www.egemtv.com\/index.php?rest_route=\/wp\/v2\/types\/post"}],"author":[{"embeddable":true,"href":"https:\/\/www.egemtv.com\/index.php?rest_route=\/wp\/v2\/users\/1"}],"replies":[{"embeddable":true,"href":"https:\/\/www.egemtv.com\/index.php?rest_route=%2Fwp%2Fv2%2Fcomments&post=95344"}],"version-history":[{"count":1,"href":"https:\/\/www.egemtv.com\/index.php?rest_route=\/wp\/v2\/posts\/95344\/revisions"}],"predecessor-version":[{"id":95346,"href":"https:\/\/www.egemtv.com\/index.php?rest_route=\/wp\/v2\/posts\/95344\/revisions\/95346"}],"wp:featuredmedia":[{"embeddable":true,"href":"https:\/\/www.egemtv.com\/index.php?rest_route=\/wp\/v2\/media\/95345"}],"wp:attachment":[{"href":"https:\/\/www.egemtv.com\/index.php?rest_route=%2Fwp%2Fv2%2Fmedia&parent=95344"}],"wp:term":[{"taxonomy":"category","embeddable":true,"href":"https:\/\/www.egemtv.com\/index.php?rest_route=%2Fwp%2Fv2%2Fcategories&post=95344"},{"taxonomy":"post_tag","embeddable":true,"href":"https:\/\/www.egemtv.com\/index.php?rest_route=%2Fwp%2Fv2%2Ftags&post=95344"}],"curies":[{"name":"wp","href":"https:\/\/api.w.org\/{rel}","templated":true}]}}