{"id":95341,"date":"2026-03-26T18:35:32","date_gmt":"2026-03-26T15:35:32","guid":{"rendered":"https:\/\/www.egemtv.com\/?p=95341"},"modified":"2026-03-26T18:35:33","modified_gmt":"2026-03-26T15:35:33","slug":"salihli-elektrikciler-odasinda-yeni-baskan-bilgic-oldu","status":"publish","type":"post","link":"https:\/\/www.egemtv.com\/?p=95341","title":{"rendered":"Salihli Elektrik\u00e7iler Odas\u0131\u2019nda yeni ba\u015fkan Bilgi\u00e7 oldu"},"content":{"rendered":"<p>Manisa\u2019n\u0131n Salihli il\u00e7esinde, 3 aday\u0131n yar\u0131\u015ft\u0131\u011f\u0131 Elektrik ve Radyo Teknisyenleri Esnaf ve Sanatkarlar Odas\u0131 Ba\u015fkanl\u0131\u011f\u0131 se\u00e7imlerinde Hakan Bilgi\u00e7, odan\u0131n yeni ba\u015fkan\u0131 oldu.<br \/>\n<br \/>342 \u00fcyesi bulunan odan\u0131n ola\u011fan genel kurulu Beyaz D\u00fc\u011f\u00fcn Salonu\u2019nda ger\u00e7ekle\u015ftirildi. Divan ba\u015fkanl\u0131\u011f\u0131n\u0131 T\u00fcrkiye Elektrik Elektronik Teknisyenleri Esnaf ve Sanatkarlar Federasyonu (TETESFED) Genel Ba\u015fkan\u0131 Yusuf Aslant\u00fcrk \u00fcstlendi. Mevcut ba\u015fkan Bahad\u0131r \u00c7elikkol\u2019un aday olmad\u0131\u011f\u0131 genel kurulda ba\u015fkanl\u0131k i\u00e7in Hakan Bilgi\u00e7, Kamil Ayd\u0131n ve U\u011fur G\u00fcng\u00f6r yar\u0131\u015ft\u0131.<br \/>\n<br \/>Kongrede kullan\u0131lan 316 oyun 145\u2019ini alan Hakan Bilgi\u00e7, odan\u0131n yeni ba\u015fkan\u0131 se\u00e7ildi. \u00dc\u00e7 oyun ge\u00e7ersiz say\u0131ld\u0131\u011f\u0131 se\u00e7imde di\u011fer adaylardan U\u011fur G\u00fcng\u00f6r 96, Kamil Ayd\u0131n ise 72 oy ald\u0131. Yeni ba\u015fkan Bilgi\u00e7, t\u00fcm \u00fcyelere te\u015fekk\u00fcr ederek, &#8220;Kimseyi ayr\u0131\u015ft\u0131rmadan odam\u0131z\u0131 ortak ak\u0131lla, \u00fcyelerimizle birlikte daha ileriye g\u00f6t\u00fcrece\u011fiz&#8221; dedi.<br \/>\n<br \/>Genel kurulda, 5 d\u00f6nem oda ba\u015fkanl\u0131\u011f\u0131 g\u00f6revini y\u00fcr\u00fcten Bahad\u0131r \u00c7elikkol\u2019a, TETESFED Genel Ba\u015fkan\u0131 Yusuf Aslant\u00fcrk taraf\u0131ndan plaket verildi.<br \/>\n<br \/>Yeni y\u00f6netim kurulu \u015fu isimlerden olu\u015ftu: Davut Sat\u0131lm\u0131\u015f, Hasan \u00c7etin, Mehmet Kadri Ye\u015filmen, Ersin Caner, Halil Ocak ve Halil T\u00fcrkmen Denetim kurulu ise Mehmet Sar\u0131kaya, Halil Mert Karaca ve \u00dcmitcan Isl\u0131<br \/><\/p>\n","protected":false},"excerpt":{"rendered":"<p>Manisa\u2019n\u0131n Salihli il\u00e7esinde, 3 aday\u0131n yar\u0131\u015ft\u0131\u011f\u0131 Elektrik ve Radyo Teknisyenleri Esnaf ve Sanatkarlar Odas\u0131 Ba\u015fkanl\u0131\u011f\u0131 se\u00e7imlerinde Hakan Bilgi\u00e7, odan\u0131n yeni ba\u015fkan\u0131 oldu. 342 \u00fcyesi bulunan odan\u0131n ola\u011fan genel kurulu Beyaz D\u00fc\u011f\u00fcn Salonu\u2019nda ger\u00e7ekle\u015ftirildi. Divan ba\u015fkanl\u0131\u011f\u0131n\u0131 T\u00fcrkiye Elektrik Elektronik Teknisyenleri Esnaf ve Sanatkarlar Federasyonu (TETESFED) Genel Ba\u015fkan\u0131 Yusuf Aslant\u00fcrk \u00fcstlendi. Mevcut ba\u015fkan Bahad\u0131r \u00c7elikkol\u2019un aday olmad\u0131\u011f\u0131&#8230;<\/p>\n","protected":false},"author":1,"featured_media":95342,"comment_status":"open","ping_status":"open","sticky":false,"template":"","format":"standard","meta":{"_crdt_document":"","footnotes":""},"categories":[125],"tags":[],"class_list":["post-95341","post","type-post","status-publish","format-standard","has-post-thumbnail","hentry","category-ekonomi"],"_links":{"self":[{"href":"https:\/\/www.egemtv.com\/index.php?rest_route=\/wp\/v2\/posts\/95341","targetHints":{"allow":["GET"]}}],"collection":[{"href":"https:\/\/www.egemtv.com\/index.php?rest_route=\/wp\/v2\/posts"}],"about":[{"href":"https:\/\/www.egemtv.com\/index.php?rest_route=\/wp\/v2\/types\/post"}],"author":[{"embeddable":true,"href":"https:\/\/www.egemtv.com\/index.php?rest_route=\/wp\/v2\/users\/1"}],"replies":[{"embeddable":true,"href":"https:\/\/www.egemtv.com\/index.php?rest_route=%2Fwp%2Fv2%2Fcomments&post=95341"}],"version-history":[{"count":1,"href":"https:\/\/www.egemtv.com\/index.php?rest_route=\/wp\/v2\/posts\/95341\/revisions"}],"predecessor-version":[{"id":95343,"href":"https:\/\/www.egemtv.com\/index.php?rest_route=\/wp\/v2\/posts\/95341\/revisions\/95343"}],"wp:featuredmedia":[{"embeddable":true,"href":"https:\/\/www.egemtv.com\/index.php?rest_route=\/wp\/v2\/media\/95342"}],"wp:attachment":[{"href":"https:\/\/www.egemtv.com\/index.php?rest_route=%2Fwp%2Fv2%2Fmedia&parent=95341"}],"wp:term":[{"taxonomy":"category","embeddable":true,"href":"https:\/\/www.egemtv.com\/index.php?rest_route=%2Fwp%2Fv2%2Fcategories&post=95341"},{"taxonomy":"post_tag","embeddable":true,"href":"https:\/\/www.egemtv.com\/index.php?rest_route=%2Fwp%2Fv2%2Ftags&post=95341"}],"curies":[{"name":"wp","href":"https:\/\/api.w.org\/{rel}","templated":true}]}}