{"id":95338,"date":"2026-03-26T18:00:42","date_gmt":"2026-03-26T15:00:42","guid":{"rendered":"https:\/\/www.egemtv.com\/?p=95338"},"modified":"2026-03-26T18:00:46","modified_gmt":"2026-03-26T15:00:46","slug":"baskan-dogan-tiyatro-ortak-degerlerin-yasatilmasinda-cok-onemli-bir-yere-sahiptir","status":"publish","type":"post","link":"https:\/\/www.egemtv.com\/?p=95338","title":{"rendered":"Ba\u015fkan Do\u011fan; &#8220;Tiyatro ortak de\u011ferlerin ya\u015fat\u0131lmas\u0131nda \u00e7ok \u00f6nemli bir yere sahiptir&#8221;"},"content":{"rendered":"<p>Merkezefendi Belediye Ba\u015fkan\u0131 \u015eeniz Do\u011fan, 27 Mart D\u00fcnya Tiyatro G\u00fcn\u00fc i\u00e7in kutlama mesaj\u0131 yay\u0131mlad\u0131.<br \/>\n<br \/>Ba\u015fkan Do\u011fan mesaj\u0131nda &#8220;Sanat\u0131n en etkili dallar\u0131ndan biri olan tiyatro, toplumlar\u0131n geli\u015fiminde, d\u00fc\u015f\u00fcnce d\u00fcnyas\u0131n\u0131n zenginle\u015fmesinde ve ortak de\u011ferlerin ya\u015fat\u0131lmas\u0131nda \u00e7ok \u00f6nemli bir yere sahiptir. Sahneye ta\u015f\u0131nan her hikaye, bizlere hem kendimizi hem de hayat\u0131 daha iyi anlama f\u0131rsat\u0131 sunar. T\u00fcrk tiyatrosu da her zaman en \u00fcst seviyede yer alm\u0131\u015f, bize en g\u00fczel oyunlar\u0131 izleme f\u0131rsat\u0131 vermi\u015ftir. Merkezefendi Belediyesi olarak her zaman tiyatroya, k\u00fclt\u00fcre ve sanata b\u00fcy\u00fck \u00f6nem veriyor bu do\u011frultuda \u00e7al\u0131\u015fmalar ve projeler ger\u00e7ekle\u015ftiriyoruz. Bu d\u00fc\u015f\u00fcnceler ile t\u00fcm tiyatro emek\u00e7ilerinin g\u00fcn\u00fcn\u00fc kutluyor, belediye b\u00fcnyemizde kurulan Kent Tiyatromuzun de\u011ferli oyuncular\u0131na da y\u00fcrekten te\u015fekk\u00fcr ediyorum&#8221; ifadelerine yer verdi.<\/p>\n<p>Tiyatro g\u00fcn\u00fc\u2019ne \u00f6zel g\u00f6sterim<br \/>\n<br \/>D\u00fcnya Tiyatro G\u00fcn\u00fc kapsam\u0131nda sahnelenecek olan &#8220;Biz A\u015f\u0131k De\u011filiz&#8221; adl\u0131 yeti\u015fkin oyunu, 27 Mart Cuma g\u00fcn\u00fc saat 20.30\u2019da Merkezefendi K\u00fclt\u00fcr Merkezi Petek Salonu\u2019nda tiyatro severlerle bulu\u015facak. Sanatseverlerin yo\u011fun ilgi g\u00f6stermesi beklenen oyun, izleyicilere hem duygusal hem de keyifli anlar ya\u015fatacak.<br \/><\/p>\n","protected":false},"excerpt":{"rendered":"<p>Merkezefendi Belediye Ba\u015fkan\u0131 \u015eeniz Do\u011fan, 27 Mart D\u00fcnya Tiyatro G\u00fcn\u00fc i\u00e7in kutlama mesaj\u0131 yay\u0131mlad\u0131. Ba\u015fkan Do\u011fan mesaj\u0131nda &#8220;Sanat\u0131n en etkili dallar\u0131ndan biri olan tiyatro, toplumlar\u0131n geli\u015fiminde, d\u00fc\u015f\u00fcnce d\u00fcnyas\u0131n\u0131n zenginle\u015fmesinde ve ortak de\u011ferlerin ya\u015fat\u0131lmas\u0131nda \u00e7ok \u00f6nemli bir yere sahiptir. Sahneye ta\u015f\u0131nan her hikaye, bizlere hem kendimizi hem de hayat\u0131 daha iyi anlama f\u0131rsat\u0131 sunar. T\u00fcrk tiyatrosu&#8230;<\/p>\n","protected":false},"author":1,"featured_media":95339,"comment_status":"open","ping_status":"open","sticky":false,"template":"","format":"standard","meta":{"_crdt_document":"","footnotes":""},"categories":[1],"tags":[],"class_list":["post-95338","post","type-post","status-publish","format-standard","has-post-thumbnail","hentry","category-guncel"],"_links":{"self":[{"href":"https:\/\/www.egemtv.com\/index.php?rest_route=\/wp\/v2\/posts\/95338","targetHints":{"allow":["GET"]}}],"collection":[{"href":"https:\/\/www.egemtv.com\/index.php?rest_route=\/wp\/v2\/posts"}],"about":[{"href":"https:\/\/www.egemtv.com\/index.php?rest_route=\/wp\/v2\/types\/post"}],"author":[{"embeddable":true,"href":"https:\/\/www.egemtv.com\/index.php?rest_route=\/wp\/v2\/users\/1"}],"replies":[{"embeddable":true,"href":"https:\/\/www.egemtv.com\/index.php?rest_route=%2Fwp%2Fv2%2Fcomments&post=95338"}],"version-history":[{"count":1,"href":"https:\/\/www.egemtv.com\/index.php?rest_route=\/wp\/v2\/posts\/95338\/revisions"}],"predecessor-version":[{"id":95340,"href":"https:\/\/www.egemtv.com\/index.php?rest_route=\/wp\/v2\/posts\/95338\/revisions\/95340"}],"wp:featuredmedia":[{"embeddable":true,"href":"https:\/\/www.egemtv.com\/index.php?rest_route=\/wp\/v2\/media\/95339"}],"wp:attachment":[{"href":"https:\/\/www.egemtv.com\/index.php?rest_route=%2Fwp%2Fv2%2Fmedia&parent=95338"}],"wp:term":[{"taxonomy":"category","embeddable":true,"href":"https:\/\/www.egemtv.com\/index.php?rest_route=%2Fwp%2Fv2%2Fcategories&post=95338"},{"taxonomy":"post_tag","embeddable":true,"href":"https:\/\/www.egemtv.com\/index.php?rest_route=%2Fwp%2Fv2%2Ftags&post=95338"}],"curies":[{"name":"wp","href":"https:\/\/api.w.org\/{rel}","templated":true}]}}