{"id":95335,"date":"2026-03-26T18:00:40","date_gmt":"2026-03-26T15:00:40","guid":{"rendered":"https:\/\/www.egemtv.com\/?p=95335"},"modified":"2026-03-26T18:00:41","modified_gmt":"2026-03-26T15:00:41","slug":"burdurda-itfaiye-personeli-vucut-gelistirmede-turkiye-sampiyonu-oldu","status":"publish","type":"post","link":"https:\/\/www.egemtv.com\/?p=95335","title":{"rendered":"Burdur\u2019da itfaiye personeli v\u00fccut geli\u015ftirmede T\u00fcrkiye \u015fampiyonu oldu"},"content":{"rendered":"<p>Burdur\u2019da itfaiye eri olarak \u00e7al\u0131\u015fan ve 20 y\u0131ld\u0131r v\u00fccut geli\u015ftirme sporu ile u\u011frasan Mutlu Bulut, Avrupa ve Balkan \u015eampiyonas\u0131 se\u00e7melerinde T\u00fcrkiye \u015fampiyonu oldu. Bulut, May\u0131s ay\u0131nda \u0130spanya\u2019da d\u00fczenlenecek Avrupa \u015eampiyonas\u0131\u2019nda milli sporcu olarak T\u00fcrkiye\u2019yi temsil edecek.<br \/>\n<br \/>Burdur Belediyesinde 13 y\u0131ld\u0131r itfaiye eri olarak \u00e7al\u0131\u015fan Mutlu Bulut (44), 20 y\u0131ld\u0131r da v\u00fccut geli\u015ftirme sporu ile u\u011fra\u015f\u0131yor. Son 5 y\u0131lda profesyonel bir \u015fekilde v\u00fccut geli\u015ftirme sporuna y\u00f6nelen Bulut, bu s\u00fcrede kat\u0131ld\u0131\u011f\u0131 5 yar\u0131\u015fmadan da ba\u015far\u0131 ile d\u00f6nd\u00fc. Bulut son olarak, Avrupa ve Balkan \u015eampiyonas\u0131 se\u00e7melerinde T\u00fcrkiye \u015fampiyonu olarak may\u0131s ay\u0131nda \u0130spanya\u2019da d\u00fczenlenecek Avrupa \u015eampiyonas\u0131\u2019nda T\u00fcrkiye\u2019yi temsil edecek.<br \/><\/p>\n","protected":false},"excerpt":{"rendered":"<p>Burdur\u2019da itfaiye eri olarak \u00e7al\u0131\u015fan ve 20 y\u0131ld\u0131r v\u00fccut geli\u015ftirme sporu ile u\u011frasan Mutlu Bulut, Avrupa ve Balkan \u015eampiyonas\u0131 se\u00e7melerinde T\u00fcrkiye \u015fampiyonu oldu. Bulut, May\u0131s ay\u0131nda \u0130spanya\u2019da d\u00fczenlenecek Avrupa \u015eampiyonas\u0131\u2019nda milli sporcu olarak T\u00fcrkiye\u2019yi temsil edecek. Burdur Belediyesinde 13 y\u0131ld\u0131r itfaiye eri olarak \u00e7al\u0131\u015fan Mutlu Bulut (44), 20 y\u0131ld\u0131r da v\u00fccut geli\u015ftirme sporu ile u\u011fra\u015f\u0131yor&#8230;.<\/p>\n","protected":false},"author":1,"featured_media":95336,"comment_status":"open","ping_status":"open","sticky":false,"template":"","format":"standard","meta":{"_crdt_document":"","footnotes":""},"categories":[4],"tags":[],"class_list":["post-95335","post","type-post","status-publish","format-standard","has-post-thumbnail","hentry","category-spor"],"_links":{"self":[{"href":"https:\/\/www.egemtv.com\/index.php?rest_route=\/wp\/v2\/posts\/95335","targetHints":{"allow":["GET"]}}],"collection":[{"href":"https:\/\/www.egemtv.com\/index.php?rest_route=\/wp\/v2\/posts"}],"about":[{"href":"https:\/\/www.egemtv.com\/index.php?rest_route=\/wp\/v2\/types\/post"}],"author":[{"embeddable":true,"href":"https:\/\/www.egemtv.com\/index.php?rest_route=\/wp\/v2\/users\/1"}],"replies":[{"embeddable":true,"href":"https:\/\/www.egemtv.com\/index.php?rest_route=%2Fwp%2Fv2%2Fcomments&post=95335"}],"version-history":[{"count":1,"href":"https:\/\/www.egemtv.com\/index.php?rest_route=\/wp\/v2\/posts\/95335\/revisions"}],"predecessor-version":[{"id":95337,"href":"https:\/\/www.egemtv.com\/index.php?rest_route=\/wp\/v2\/posts\/95335\/revisions\/95337"}],"wp:featuredmedia":[{"embeddable":true,"href":"https:\/\/www.egemtv.com\/index.php?rest_route=\/wp\/v2\/media\/95336"}],"wp:attachment":[{"href":"https:\/\/www.egemtv.com\/index.php?rest_route=%2Fwp%2Fv2%2Fmedia&parent=95335"}],"wp:term":[{"taxonomy":"category","embeddable":true,"href":"https:\/\/www.egemtv.com\/index.php?rest_route=%2Fwp%2Fv2%2Fcategories&post=95335"},{"taxonomy":"post_tag","embeddable":true,"href":"https:\/\/www.egemtv.com\/index.php?rest_route=%2Fwp%2Fv2%2Ftags&post=95335"}],"curies":[{"name":"wp","href":"https:\/\/api.w.org\/{rel}","templated":true}]}}