{"id":95332,"date":"2026-03-26T17:25:33","date_gmt":"2026-03-26T14:25:33","guid":{"rendered":"https:\/\/www.egemtv.com\/?p=95332"},"modified":"2026-03-26T17:25:33","modified_gmt":"2026-03-26T14:25:33","slug":"honazli-genclerden-yaslilar-haftasinda-anlamli-ziyaret","status":"publish","type":"post","link":"https:\/\/www.egemtv.com\/?p=95332","title":{"rendered":"Honazl\u0131 gen\u00e7lerden Ya\u015fl\u0131lar Haftas\u0131nda anlaml\u0131 ziyaret"},"content":{"rendered":"<p>Honaz Belediyesi G\u00fcnd\u00fcz Bak\u0131mevi \u00f6\u011frencileri, Ya\u015fl\u0131lar Haftas\u0131 kapsam\u0131nda huzurevini ziyaret ederek b\u00fcy\u00fcklerle bulu\u015ftu. Sevgi ve vefan\u0131n \u00f6n plana \u00e7\u0131kt\u0131\u011f\u0131 etkinlikte, nesiller aras\u0131 ba\u011f g\u00fc\u00e7lendi.<\/p>\n<p>Honaz Belediyesi Kocaba\u015f Hac\u0131 Feri\u015ftah &amp; Hac\u0131 Mehmet Ali Sorkun G\u00fcnd\u00fcz Bak\u0131mevi \u00f6\u011frencileri, 18-24 Mart Ya\u015fl\u0131lar Haftas\u0131 kapsam\u0131nda anlaml\u0131 bir etkinli\u011fe imza att\u0131. Minik \u00f6\u011frenciler, Kocaba\u015f \u00dcmm\u00fcg\u00fcls\u00fcm &amp; Yusuf Kaya Ya\u015fl\u0131 Rehabilitasyon Merkezi ve Sosyal Tesisinde kalan b\u00fcy\u00fcklerimizi ziyaret ederek onlar\u0131n g\u00f6n\u00fcllerini \u0131s\u0131tt\u0131. Ziyaret s\u0131ras\u0131nda b\u00fcy\u00fcklerin ellerini \u00f6pen \u00e7ocuklar, hay\u0131r dualar\u0131n\u0131 al\u0131rken birlikte oyunlar oynay\u0131p keyifli anlar ya\u015fad\u0131. Kahkahalar\u0131n y\u00fckseldi\u011fi bulu\u015fmada, sevgi ve sayg\u0131n\u0131n en g\u00fczel \u00f6rnekleri sergilendi.<br \/>\n<br \/>Nesiller aras\u0131 ba\u011f g\u00f6n\u00fcllere dokundu<\/p>\n<p>Ger\u00e7ekle\u015fen bu anlaml\u0131 etkinlikte, k\u00fc\u00e7\u00fcklerin samimiyeti ile b\u00fcy\u00fcklerin mutlulu\u011fu bir araya geldi. Nesiller aras\u0131ndaki g\u00fc\u00e7l\u00fc ba\u011f\u0131n bir kez daha hissedildi\u011fi bulu\u015fmada, ortaya \u00e7\u0131kan s\u0131cak g\u00f6r\u00fcnt\u00fcler duygu dolu anlara sahne oldu. B\u00fcy\u00fcklerin y\u00fcz\u00fcnde olu\u015fan i\u00e7ten tebess\u00fcm ise etkinli\u011fin en anlaml\u0131 kazan\u0131m\u0131 olarak haf\u0131zalara kaz\u0131nd\u0131.<\/p>\n<p>Ba\u015fkan Kepenek: &#8220;Sevgiyle kurulan k\u00f6pr\u00fcler en de\u011ferli mirast\u0131r&#8221;<br \/>\n<br \/>Honaz Belediye Ba\u015fkan\u0131 Y\u00fcksel Kepenek, ger\u00e7ekle\u015ftirilen ziyaretle ilgili yapt\u0131\u011f\u0131 a\u00e7\u0131klamada &#8220;\u00c7ocuklar\u0131m\u0131z ile b\u00fcy\u00fcklerimizi bir araya getiren bu t\u00fcr bulu\u015fmalar, toplumsal dayan\u0131\u015fman\u0131n ve vefan\u0131n en g\u00fczel \u00f6rnekleridir. Sevgiyle kurulan bu k\u00f6pr\u00fcler, gelece\u011fe b\u0131rakaca\u011f\u0131m\u0131z en k\u0131ymetli mirast\u0131r. B\u00fcy\u00fcklerimizin hay\u0131r dualar\u0131yla b\u00fcy\u00fcyen bir nesil, her zaman daha g\u00fc\u00e7l\u00fc olacakt\u0131r&#8221; \u015feklinde konu\u015ftu.<br \/><\/p>\n","protected":false},"excerpt":{"rendered":"<p>Honaz Belediyesi G\u00fcnd\u00fcz Bak\u0131mevi \u00f6\u011frencileri, Ya\u015fl\u0131lar Haftas\u0131 kapsam\u0131nda huzurevini ziyaret ederek b\u00fcy\u00fcklerle bulu\u015ftu. Sevgi ve vefan\u0131n \u00f6n plana \u00e7\u0131kt\u0131\u011f\u0131 etkinlikte, nesiller aras\u0131 ba\u011f g\u00fc\u00e7lendi. Honaz Belediyesi Kocaba\u015f Hac\u0131 Feri\u015ftah &amp; Hac\u0131 Mehmet Ali Sorkun G\u00fcnd\u00fcz Bak\u0131mevi \u00f6\u011frencileri, 18-24 Mart Ya\u015fl\u0131lar Haftas\u0131 kapsam\u0131nda anlaml\u0131 bir etkinli\u011fe imza att\u0131. Minik \u00f6\u011frenciler, Kocaba\u015f \u00dcmm\u00fcg\u00fcls\u00fcm &amp; Yusuf Kaya Ya\u015fl\u0131&#8230;<\/p>\n","protected":false},"author":1,"featured_media":95333,"comment_status":"open","ping_status":"open","sticky":false,"template":"","format":"standard","meta":{"_crdt_document":"","footnotes":""},"categories":[123],"tags":[],"class_list":["post-95332","post","type-post","status-publish","format-standard","has-post-thumbnail","hentry","category-gundem"],"_links":{"self":[{"href":"https:\/\/www.egemtv.com\/index.php?rest_route=\/wp\/v2\/posts\/95332","targetHints":{"allow":["GET"]}}],"collection":[{"href":"https:\/\/www.egemtv.com\/index.php?rest_route=\/wp\/v2\/posts"}],"about":[{"href":"https:\/\/www.egemtv.com\/index.php?rest_route=\/wp\/v2\/types\/post"}],"author":[{"embeddable":true,"href":"https:\/\/www.egemtv.com\/index.php?rest_route=\/wp\/v2\/users\/1"}],"replies":[{"embeddable":true,"href":"https:\/\/www.egemtv.com\/index.php?rest_route=%2Fwp%2Fv2%2Fcomments&post=95332"}],"version-history":[{"count":1,"href":"https:\/\/www.egemtv.com\/index.php?rest_route=\/wp\/v2\/posts\/95332\/revisions"}],"predecessor-version":[{"id":95334,"href":"https:\/\/www.egemtv.com\/index.php?rest_route=\/wp\/v2\/posts\/95332\/revisions\/95334"}],"wp:featuredmedia":[{"embeddable":true,"href":"https:\/\/www.egemtv.com\/index.php?rest_route=\/wp\/v2\/media\/95333"}],"wp:attachment":[{"href":"https:\/\/www.egemtv.com\/index.php?rest_route=%2Fwp%2Fv2%2Fmedia&parent=95332"}],"wp:term":[{"taxonomy":"category","embeddable":true,"href":"https:\/\/www.egemtv.com\/index.php?rest_route=%2Fwp%2Fv2%2Fcategories&post=95332"},{"taxonomy":"post_tag","embeddable":true,"href":"https:\/\/www.egemtv.com\/index.php?rest_route=%2Fwp%2Fv2%2Ftags&post=95332"}],"curies":[{"name":"wp","href":"https:\/\/api.w.org\/{rel}","templated":true}]}}