{"id":95329,"date":"2026-03-26T17:25:31","date_gmt":"2026-03-26T14:25:31","guid":{"rendered":"https:\/\/www.egemtv.com\/?p=95329"},"modified":"2026-03-26T17:25:33","modified_gmt":"2026-03-26T14:25:33","slug":"uluslararasi-taekvando-turnuvasinda-denizlili-sporculardan-buyuk-basari","status":"publish","type":"post","link":"https:\/\/www.egemtv.com\/?p=95329","title":{"rendered":"Uluslararas\u0131 Taekvando Turnuvas\u0131nda Denizlili sporculardan b\u00fcy\u00fck ba\u015far\u0131"},"content":{"rendered":"<p>Antalya\u2019da 67 \u00fclkeden 2.552 sporcunun kat\u0131l\u0131m\u0131yla ger\u00e7ekle\u015fen Uluslararas\u0131 Taekvando Turnuvas\u0131nda m\u00fcsabakalara \u00e7\u0131kan Denizlili milli sporcular\u0131m\u0131zdan Fatih G\u00fcltekin alt\u0131n madalya, Zehra Orhan ise bronz madalya kazand\u0131. \u0130ki sporcumuzda g\u00f6z\u00fcn\u00fc Avrupa \u015eampiyonas\u0131na dikti.<\/p>\n<p>13.Uluslararas\u0131 T\u00fcrkiye A\u00e7\u0131k Taekwondo Turnuvas\u0131 24-31 Mart 2026 tarihleri aras\u0131nda Antalya\u2019da ger\u00e7ekle\u015fiyor. Antalya Spor Salonu\u2019nda d\u00fczenlenen organizasyona 67 \u00fclkeden 2.552 sporcu kat\u0131l\u0131yor. T\u00fcrkiye\u2019yi \u015fampiyonada 254 sporcu temsil ediyor. Yar\u0131\u015fmalarda 80 kg.da tatamiye \u00e7\u0131kan Denizlili Milli Sporcu Fatih G\u00fcltekin rakiplerini tek tek ge\u00e7erek alt\u0131n madalyan\u0131n sahibi oldu. Di\u011fer Milli Sporcumuz Zehra Orhan, 65 kg\u2019da tatamiye \u00e7\u0131karak bronz madalya kazand\u0131.<\/p>\n<p>Denizlili Milli Taekwondocular formuyla g\u00f6z dolduruyor. Ba\u015far\u0131l\u0131 Antren\u00f6r Alper Karbuz e\u015fli\u011finde kat\u0131ld\u0131klar\u0131 yar\u0131\u015fmalardan madalyalarla d\u00f6nen gen\u00e7 sporcular hedef b\u00fcy\u00fctt\u00fc. 13-15 May\u0131s 2026 tarihlerinde Almanya\u2019da yap\u0131lacak Avrupa Taekwondo \u015eampiyonas\u0131na haz\u0131rlanacak Denizlili Milli Sporcular, uluslararas\u0131 arenada ba\u015far\u0131l\u0131 olmak i\u00e7in \u00e7aba sarf edecek.<\/p>\n<p>Antalya\u2019da yap\u0131lan \u015fampiyonada Denizlili taekwondocular\u0131n elde ettikleri sonu\u00e7larla gurur duyduklar\u0131n\u0131 s\u00f6yleyen Gen\u00e7lik Spor \u0130l M\u00fcd\u00fcr\u00fc S\u00fcleyman Erdo\u011fan, sporcular\u0131 ve antren\u00f6rleri tebrik etti.<br \/><\/p>\n","protected":false},"excerpt":{"rendered":"<p>Antalya\u2019da 67 \u00fclkeden 2.552 sporcunun kat\u0131l\u0131m\u0131yla ger\u00e7ekle\u015fen Uluslararas\u0131 Taekvando Turnuvas\u0131nda m\u00fcsabakalara \u00e7\u0131kan Denizlili milli sporcular\u0131m\u0131zdan Fatih G\u00fcltekin alt\u0131n madalya, Zehra Orhan ise bronz madalya kazand\u0131. \u0130ki sporcumuzda g\u00f6z\u00fcn\u00fc Avrupa \u015eampiyonas\u0131na dikti. 13.Uluslararas\u0131 T\u00fcrkiye A\u00e7\u0131k Taekwondo Turnuvas\u0131 24-31 Mart 2026 tarihleri aras\u0131nda Antalya\u2019da ger\u00e7ekle\u015fiyor. Antalya Spor Salonu\u2019nda d\u00fczenlenen organizasyona 67 \u00fclkeden 2.552 sporcu kat\u0131l\u0131yor. T\u00fcrkiye\u2019yi \u015fampiyonada&#8230;<\/p>\n","protected":false},"author":1,"featured_media":95330,"comment_status":"open","ping_status":"open","sticky":false,"template":"","format":"standard","meta":{"_crdt_document":"","footnotes":""},"categories":[4],"tags":[],"class_list":["post-95329","post","type-post","status-publish","format-standard","has-post-thumbnail","hentry","category-spor"],"_links":{"self":[{"href":"https:\/\/www.egemtv.com\/index.php?rest_route=\/wp\/v2\/posts\/95329","targetHints":{"allow":["GET"]}}],"collection":[{"href":"https:\/\/www.egemtv.com\/index.php?rest_route=\/wp\/v2\/posts"}],"about":[{"href":"https:\/\/www.egemtv.com\/index.php?rest_route=\/wp\/v2\/types\/post"}],"author":[{"embeddable":true,"href":"https:\/\/www.egemtv.com\/index.php?rest_route=\/wp\/v2\/users\/1"}],"replies":[{"embeddable":true,"href":"https:\/\/www.egemtv.com\/index.php?rest_route=%2Fwp%2Fv2%2Fcomments&post=95329"}],"version-history":[{"count":1,"href":"https:\/\/www.egemtv.com\/index.php?rest_route=\/wp\/v2\/posts\/95329\/revisions"}],"predecessor-version":[{"id":95331,"href":"https:\/\/www.egemtv.com\/index.php?rest_route=\/wp\/v2\/posts\/95329\/revisions\/95331"}],"wp:featuredmedia":[{"embeddable":true,"href":"https:\/\/www.egemtv.com\/index.php?rest_route=\/wp\/v2\/media\/95330"}],"wp:attachment":[{"href":"https:\/\/www.egemtv.com\/index.php?rest_route=%2Fwp%2Fv2%2Fmedia&parent=95329"}],"wp:term":[{"taxonomy":"category","embeddable":true,"href":"https:\/\/www.egemtv.com\/index.php?rest_route=%2Fwp%2Fv2%2Fcategories&post=95329"},{"taxonomy":"post_tag","embeddable":true,"href":"https:\/\/www.egemtv.com\/index.php?rest_route=%2Fwp%2Fv2%2Ftags&post=95329"}],"curies":[{"name":"wp","href":"https:\/\/api.w.org\/{rel}","templated":true}]}}