{"id":95323,"date":"2026-03-26T16:50:44","date_gmt":"2026-03-26T13:50:44","guid":{"rendered":"https:\/\/www.egemtv.com\/?p=95323"},"modified":"2026-03-26T16:50:45","modified_gmt":"2026-03-26T13:50:45","slug":"kulada-nevruz-bayrami-kutlandi","status":"publish","type":"post","link":"https:\/\/www.egemtv.com\/?p=95323","title":{"rendered":"Kula\u2019da nevruz bayram\u0131 kutland\u0131"},"content":{"rendered":"<p>Manisa\u2019n\u0131n Kula il\u00e7esinde Nevruz Bayram\u0131 dolay\u0131s\u0131yla Bebekli 75. Y\u0131l \u0130lkokulu ve Ortaokulu taraf\u0131ndan d\u00fczenlenen program, renkli g\u00f6r\u00fcnt\u00fclere sahne oldu.<br \/>\n<br \/>Bebekli 75. Y\u0131l Ortaokulu\u2019nda ger\u00e7ekle\u015ftirilen kutlama program\u0131, sayg\u0131 duru\u015funda bulunulmas\u0131 ve \u0130stiklal Mar\u015f\u0131\u2019n\u0131n okunmas\u0131yla ba\u015flad\u0131. Programda g\u00fcn\u00fcn anlam ve \u00f6nemine ili\u015fkin konu\u015fmay\u0131 T\u00fcrk\u00e7e \u00d6\u011fretmeni \u0130brahim \u0130nmez yapt\u0131. \u0130nmez, Nevruz\u2019un birlik, beraberlik ve karde\u015flik duygular\u0131n\u0131 peki\u015ftiren \u00f6nemli bir k\u00fclt\u00fcrel miras oldu\u011funu vurgulad\u0131. Konu\u015fman\u0131n ard\u0131ndan \u00f6\u011frenciler taraf\u0131ndan okunan \u015fiirler b\u00fcy\u00fck be\u011feni toplarken, sergilenen halk oyunlar\u0131 g\u00f6sterileri izleyicilerden alk\u0131\u015f ald\u0131. Program kapsam\u0131nda d\u00fczenlenen atl\u0131 ge\u00e7i\u015f t\u00f6reni ise etkinli\u011fe ayr\u0131 bir renk katt\u0131. Nevruz gelene\u011finin \u00f6nemli simgelerinden olan \u00f6rste demir d\u00f6vme etkinli\u011fi protokol \u00fcyelerinin kat\u0131l\u0131m\u0131yla ger\u00e7ekle\u015ftirildi. Ard\u0131ndan yak\u0131lan Nevruz ate\u015finin \u00fczerinden atlayan kat\u0131l\u0131mc\u0131lar, bahar\u0131n geli\u015fini co\u015fkuyla kutlad\u0131. Program, geleneksel ok at\u0131\u015flar\u0131n\u0131n yap\u0131lmas\u0131yla sona erdi.<br \/>\n<br \/>D\u00fczenlenen t\u00f6rene; Selendi Kaymakam\u0131 ve Kula Kaymakam Vekili M\u00fccahit Enes Y\u0131ld\u0131z, Belediye Ba\u015fkan Yard\u0131mc\u0131s\u0131 Mehmet U\u00e7ak, \u0130l\u00e7e Jandarma Komutan\u0131 \u00dcste\u011fmen Bayram Y\u00fcksel, \u0130l\u00e7e Emniyet M\u00fcd\u00fcr\u00fc Secaattin Aktay, \u0130l\u00e7e Milli E\u011fitim M\u00fcd\u00fcr\u00fc Ahmet Ta\u015f\u00e7\u0131, siyasi parti temsilcileri, daire m\u00fcd\u00fcrleri, kamu kurum ve kurulu\u015flar\u0131n\u0131n temsilcileri, okul idarecileri, \u00f6\u011frenciler ve veliler kat\u0131ld\u0131.<br \/><\/p>\n","protected":false},"excerpt":{"rendered":"<p>Manisa\u2019n\u0131n Kula il\u00e7esinde Nevruz Bayram\u0131 dolay\u0131s\u0131yla Bebekli 75. Y\u0131l \u0130lkokulu ve Ortaokulu taraf\u0131ndan d\u00fczenlenen program, renkli g\u00f6r\u00fcnt\u00fclere sahne oldu. Bebekli 75. Y\u0131l Ortaokulu\u2019nda ger\u00e7ekle\u015ftirilen kutlama program\u0131, sayg\u0131 duru\u015funda bulunulmas\u0131 ve \u0130stiklal Mar\u015f\u0131\u2019n\u0131n okunmas\u0131yla ba\u015flad\u0131. Programda g\u00fcn\u00fcn anlam ve \u00f6nemine ili\u015fkin konu\u015fmay\u0131 T\u00fcrk\u00e7e \u00d6\u011fretmeni \u0130brahim \u0130nmez yapt\u0131. \u0130nmez, Nevruz\u2019un birlik, beraberlik ve karde\u015flik duygular\u0131n\u0131 peki\u015ftiren \u00f6nemli&#8230;<\/p>\n","protected":false},"author":1,"featured_media":95324,"comment_status":"open","ping_status":"open","sticky":false,"template":"","format":"standard","meta":{"_crdt_document":"","footnotes":""},"categories":[1],"tags":[],"class_list":["post-95323","post","type-post","status-publish","format-standard","has-post-thumbnail","hentry","category-guncel"],"_links":{"self":[{"href":"https:\/\/www.egemtv.com\/index.php?rest_route=\/wp\/v2\/posts\/95323","targetHints":{"allow":["GET"]}}],"collection":[{"href":"https:\/\/www.egemtv.com\/index.php?rest_route=\/wp\/v2\/posts"}],"about":[{"href":"https:\/\/www.egemtv.com\/index.php?rest_route=\/wp\/v2\/types\/post"}],"author":[{"embeddable":true,"href":"https:\/\/www.egemtv.com\/index.php?rest_route=\/wp\/v2\/users\/1"}],"replies":[{"embeddable":true,"href":"https:\/\/www.egemtv.com\/index.php?rest_route=%2Fwp%2Fv2%2Fcomments&post=95323"}],"version-history":[{"count":1,"href":"https:\/\/www.egemtv.com\/index.php?rest_route=\/wp\/v2\/posts\/95323\/revisions"}],"predecessor-version":[{"id":95325,"href":"https:\/\/www.egemtv.com\/index.php?rest_route=\/wp\/v2\/posts\/95323\/revisions\/95325"}],"wp:featuredmedia":[{"embeddable":true,"href":"https:\/\/www.egemtv.com\/index.php?rest_route=\/wp\/v2\/media\/95324"}],"wp:attachment":[{"href":"https:\/\/www.egemtv.com\/index.php?rest_route=%2Fwp%2Fv2%2Fmedia&parent=95323"}],"wp:term":[{"taxonomy":"category","embeddable":true,"href":"https:\/\/www.egemtv.com\/index.php?rest_route=%2Fwp%2Fv2%2Fcategories&post=95323"},{"taxonomy":"post_tag","embeddable":true,"href":"https:\/\/www.egemtv.com\/index.php?rest_route=%2Fwp%2Fv2%2Ftags&post=95323"}],"curies":[{"name":"wp","href":"https:\/\/api.w.org\/{rel}","templated":true}]}}