{"id":95320,"date":"2026-03-26T16:50:42","date_gmt":"2026-03-26T13:50:42","guid":{"rendered":"https:\/\/www.egemtv.com\/?p=95320"},"modified":"2026-03-26T16:50:43","modified_gmt":"2026-03-26T13:50:43","slug":"salihlide-ilkokul-mezunlari-25-yil-sonra-bulustu","status":"publish","type":"post","link":"https:\/\/www.egemtv.com\/?p=95320","title":{"rendered":"Salihli\u2019de ilkokul mezunlar\u0131 25 y\u0131l sonra bulu\u015ftu"},"content":{"rendered":"<p>Manisa\u2019n\u0131n Salihli il\u00e7esindeki Alt\u0131nordu \u0130lk\u00f6\u011fretim Okulu\u2019nda anlaml\u0131 bir bulu\u015fmaya imza at\u0131ld\u0131. 1993 y\u0131l\u0131nda ilkokula ba\u015flay\u0131p 2001 y\u0131l\u0131nda mezun olan \u00f6\u011frenciler, mezuniyetlerinin 25. y\u0131l\u0131nda yeniden bir araya geldi.<br \/>\n<br \/>Okulun 100. e\u011fitim-\u00f6\u011fretim y\u0131l\u0131na denk gelen bulu\u015fma, Alt\u0131nordu \u0130lk\u00f6\u011fretim Okulu\u2019nun bah\u00e7esinde ger\u00e7ekle\u015ftirildi. Y\u0131llar sonra ayn\u0131 s\u0131ralardan ge\u00e7en arkada\u015flar\u0131n bir araya gelmesi, duygusal anlara sahne oldu.<br \/>\n<br \/>Bulu\u015fmaya mezun \u00f6\u011frencilerin yan\u0131 s\u0131ra, o d\u00f6nem g\u00f6rev yapan emekli \u00f6\u011fretmenler Sefa Aslan, G\u00fcnd\u00fcz Ayd\u0131n, Perihan Ta\u015f ve Taliye Girgin de kat\u0131ld\u0131. \u00d6\u011frenciler ile \u00f6\u011fretmenlerin y\u0131llar sonra yeniden bir araya gelmesi, nostaljik ve samimi g\u00f6r\u00fcnt\u00fcler olu\u015fturdu.<br \/>\n<br \/>Bulu\u015fmay\u0131 organize eden okul arkada\u015flar\u0131 Bilge Girgin, Selin Hac\u0131bekir ve Ali G\u00f6khan E\u015fim ise yapt\u0131klar\u0131 a\u00e7\u0131klamada, y\u0131llar sonra arkada\u015flar\u0131n\u0131 yeniden bir arada g\u00f6rmenin mutlulu\u011funu ya\u015fad\u0131klar\u0131n\u0131 belirterek, bu \u00f6zel g\u00fcn\u00fc unutulmaz k\u0131lman\u0131n sevincini payla\u015ft\u0131.<br \/><\/p>\n","protected":false},"excerpt":{"rendered":"<p>Manisa\u2019n\u0131n Salihli il\u00e7esindeki Alt\u0131nordu \u0130lk\u00f6\u011fretim Okulu\u2019nda anlaml\u0131 bir bulu\u015fmaya imza at\u0131ld\u0131. 1993 y\u0131l\u0131nda ilkokula ba\u015flay\u0131p 2001 y\u0131l\u0131nda mezun olan \u00f6\u011frenciler, mezuniyetlerinin 25. y\u0131l\u0131nda yeniden bir araya geldi. Okulun 100. e\u011fitim-\u00f6\u011fretim y\u0131l\u0131na denk gelen bulu\u015fma, Alt\u0131nordu \u0130lk\u00f6\u011fretim Okulu\u2019nun bah\u00e7esinde ger\u00e7ekle\u015ftirildi. Y\u0131llar sonra ayn\u0131 s\u0131ralardan ge\u00e7en arkada\u015flar\u0131n bir araya gelmesi, duygusal anlara sahne oldu. Bulu\u015fmaya mezun \u00f6\u011frencilerin&#8230;<\/p>\n","protected":false},"author":1,"featured_media":95321,"comment_status":"open","ping_status":"open","sticky":false,"template":"","format":"standard","meta":{"_crdt_document":"","footnotes":""},"categories":[1],"tags":[],"class_list":["post-95320","post","type-post","status-publish","format-standard","has-post-thumbnail","hentry","category-guncel"],"_links":{"self":[{"href":"https:\/\/www.egemtv.com\/index.php?rest_route=\/wp\/v2\/posts\/95320","targetHints":{"allow":["GET"]}}],"collection":[{"href":"https:\/\/www.egemtv.com\/index.php?rest_route=\/wp\/v2\/posts"}],"about":[{"href":"https:\/\/www.egemtv.com\/index.php?rest_route=\/wp\/v2\/types\/post"}],"author":[{"embeddable":true,"href":"https:\/\/www.egemtv.com\/index.php?rest_route=\/wp\/v2\/users\/1"}],"replies":[{"embeddable":true,"href":"https:\/\/www.egemtv.com\/index.php?rest_route=%2Fwp%2Fv2%2Fcomments&post=95320"}],"version-history":[{"count":1,"href":"https:\/\/www.egemtv.com\/index.php?rest_route=\/wp\/v2\/posts\/95320\/revisions"}],"predecessor-version":[{"id":95322,"href":"https:\/\/www.egemtv.com\/index.php?rest_route=\/wp\/v2\/posts\/95320\/revisions\/95322"}],"wp:featuredmedia":[{"embeddable":true,"href":"https:\/\/www.egemtv.com\/index.php?rest_route=\/wp\/v2\/media\/95321"}],"wp:attachment":[{"href":"https:\/\/www.egemtv.com\/index.php?rest_route=%2Fwp%2Fv2%2Fmedia&parent=95320"}],"wp:term":[{"taxonomy":"category","embeddable":true,"href":"https:\/\/www.egemtv.com\/index.php?rest_route=%2Fwp%2Fv2%2Fcategories&post=95320"},{"taxonomy":"post_tag","embeddable":true,"href":"https:\/\/www.egemtv.com\/index.php?rest_route=%2Fwp%2Fv2%2Ftags&post=95320"}],"curies":[{"name":"wp","href":"https:\/\/api.w.org\/{rel}","templated":true}]}}