{"id":95317,"date":"2026-03-26T16:50:41","date_gmt":"2026-03-26T13:50:41","guid":{"rendered":"https:\/\/www.egemtv.com\/?p=95317"},"modified":"2026-03-26T16:50:42","modified_gmt":"2026-03-26T13:50:42","slug":"bisikletli-vatandasin-cebinden-paralar-yola-sacildi-duyarli-esnaf-toplayip-sahibini-beklemeye-basladi","status":"publish","type":"post","link":"https:\/\/www.egemtv.com\/?p=95317","title":{"rendered":"Bisikletli vatanda\u015f\u0131n cebinden paralar yola sa\u00e7\u0131ld\u0131, duyarl\u0131 esnaf toplay\u0131p sahibini beklemeye ba\u015flad\u0131"},"content":{"rendered":"<p>Isparta\u2019da bisikletli bir vatanda\u015f\u0131n cebinden yola d\u00fc\u015fen paralar, duyarl\u0131 esnaf\u0131n yard\u0131m\u0131yla toplanarak muhafaza alt\u0131na al\u0131nd\u0131.<br \/>\n<br \/>Paran\u0131n sahibine hen\u00fcz ula\u015f\u0131lamazken, paray\u0131 yerden toplayan esnaf, &#8220;Olay\u0131 g\u00f6rd\u00fckten sonra direkt gidip paray\u0131 yerden toplad\u0131k. Sahibini bulmak i\u00e7in trafik gruplar\u0131na kamera kay\u0131tlar\u0131ndan foto\u011fraf g\u00f6nderdik. Sahibi buyursun gelsin bizden als\u0131n&#8221; dedi. Olay an\u0131 ise \u00e7evredeki bir i\u015f yerinin g\u00fcvenlik kameras\u0131na anbean yans\u0131d\u0131.<br \/>\n<br \/>Olay, saat 13.50 s\u0131ralar\u0131nda Isparta\u2019da Sanayi Mahallesi \u00d6zkanlar Kav\u015fa\u011f\u0131 104\u2019\u00fcnc\u00fc Cadde\u2019de meydana geldi. Edinilen bilgilere g\u00f6re, cadde \u00fczerinde bisikletiyle seyir halinde olan bir vatanda\u015f\u0131n cebinden bir anda paralar yola savruldu. Durumu fark eden bir ara\u00e7 s\u00fcr\u00fcc\u00fcs\u00fc, \u00e7evredeki esnafa seslenerek olay\u0131 bildirdi. Bunun \u00fczerine b\u00f6lgedeki esnaf harekete ge\u00e7erek yola savrulan paralar\u0131 tek tek toplad\u0131. Toplanan para, cadde \u00fczerinde bulunan ve paran\u0131n toplanmas\u0131na \u00f6nc\u00fcl\u00fck eden Tuncay E. isimli esnaf\u0131n i\u015f yerine b\u0131rak\u0131ld\u0131. Olay\u0131n ard\u0131ndan duyarl\u0131 esnaf, trafik gruplar\u0131nda yapt\u0131\u011f\u0131 payla\u015f\u0131mlarla paran\u0131n sahibine ula\u015fmaya \u00e7al\u0131\u015f\u0131rken, durum polis ekiplerine de bildirildi. Paran\u0131n sahibi hen\u00fcz tespit edilemezken, duyarl\u0131 esnaf Tuncay\u2019\u0131n paray\u0131 teslim etmek \u00fczere sahibini bekledi\u011fi \u00f6\u011frenildi.<br \/>\n<br \/>Olay an\u0131 ise \u00e7evredeki kameralara saniye saniye yans\u0131d\u0131.<\/p>\n<p>&#8220;Yolda paralar savrulmu\u015ftu, paralar\u0131 toplad\u0131k&#8221;<br \/>\n<br \/>Paray\u0131 toplamada yar\u0131mc\u0131 olan esnafa Tuncay E., &#8220;Ben kap\u0131n\u0131n \u00f6n\u00fcne arkada\u015flar\u0131mla birlikte hava almaya \u00e7\u0131km\u0131\u015ft\u0131m. Daha sonra yoldan ge\u00e7en bir ara\u00e7taki ki\u015fi bize birisinin para d\u00fc\u015f\u00fcrd\u00fc\u011f\u00fcn\u00fc s\u00f6yledi. Biz de bakt\u0131k ve ger\u00e7ekten yolda paralar savrulmu\u015ftu. Paralar\u0131 toplad\u0131k ve sahibini bulmak i\u00e7in kamera kay\u0131tlar\u0131n\u0131 inceledik, fakat elimizdeki kay\u0131tlardan kim oldu\u011fu net bir \u015fekilde belli olmuyordu&#8221; dedi.<\/p>\n<p>&#8220;Biz Allah\u2019a \u015f\u00fck\u00fcr, bug\u00fcne kadar harama el uzatmad\u0131k&#8221;<br \/>\n<br \/>Paran\u0131n sahibini tespit edebilmek i\u00e7in bir \u00fcst d\u00fckkandaki esnaf\u0131n kameralar\u0131na bakt\u0131klar\u0131n\u0131 s\u00f6yleyen Tuncaya E., &#8220;Vatanda\u015f\u0131n tam y\u00fcz\u00fcn\u00fcn oldu\u011fu g\u00f6r\u00fcnt\u00fcy\u00fc kameradan tespit ettik. Oradan bir foto\u011fraf karesi al\u0131p Isparta\u2019daki trafik gruplar\u0131na g\u00f6nderdik. Paran\u0131n sahibi buyursun gelsin, biz toplad\u0131\u011f\u0131m\u0131z kadar\u0131yla hepsini teslim etmeye haz\u0131r\u0131z. \u00c7ok b\u00fcy\u00fck bir mebla\u011f de\u011fil, yakla\u015f\u0131k bin 400 TL. Bu para senin i\u00e7in ya da benim i\u00e7in az gelebilir, ama onun ihtiyac\u0131 olabilir. Biz Allah\u2019a \u015f\u00fck\u00fcr, bug\u00fcne kadar harama el uzatmad\u0131k, \u00e7olu\u011fumuzdan, \u00e7ocu\u011fumuzdan \u00e7\u0131kan para helal olsun. Sadece buradan sahibine s\u00f6ylemek istiyorum biz buraday\u0131z, buyursun gelsin paras\u0131n\u0131 bizden teslim als\u0131n&#8221; \u015feklinde konu\u015ftu.<br \/><\/p>\n","protected":false},"excerpt":{"rendered":"<p>Isparta\u2019da bisikletli bir vatanda\u015f\u0131n cebinden yola d\u00fc\u015fen paralar, duyarl\u0131 esnaf\u0131n yard\u0131m\u0131yla toplanarak muhafaza alt\u0131na al\u0131nd\u0131. Paran\u0131n sahibine hen\u00fcz ula\u015f\u0131lamazken, paray\u0131 yerden toplayan esnaf, &#8220;Olay\u0131 g\u00f6rd\u00fckten sonra direkt gidip paray\u0131 yerden toplad\u0131k. Sahibini bulmak i\u00e7in trafik gruplar\u0131na kamera kay\u0131tlar\u0131ndan foto\u011fraf g\u00f6nderdik. Sahibi buyursun gelsin bizden als\u0131n&#8221; dedi. Olay an\u0131 ise \u00e7evredeki bir i\u015f yerinin g\u00fcvenlik kameras\u0131na&#8230;<\/p>\n","protected":false},"author":1,"featured_media":95318,"comment_status":"open","ping_status":"open","sticky":false,"template":"","format":"standard","meta":{"_crdt_document":"","footnotes":""},"categories":[5],"tags":[],"class_list":["post-95317","post","type-post","status-publish","format-standard","has-post-thumbnail","hentry","category-asayis"],"_links":{"self":[{"href":"https:\/\/www.egemtv.com\/index.php?rest_route=\/wp\/v2\/posts\/95317","targetHints":{"allow":["GET"]}}],"collection":[{"href":"https:\/\/www.egemtv.com\/index.php?rest_route=\/wp\/v2\/posts"}],"about":[{"href":"https:\/\/www.egemtv.com\/index.php?rest_route=\/wp\/v2\/types\/post"}],"author":[{"embeddable":true,"href":"https:\/\/www.egemtv.com\/index.php?rest_route=\/wp\/v2\/users\/1"}],"replies":[{"embeddable":true,"href":"https:\/\/www.egemtv.com\/index.php?rest_route=%2Fwp%2Fv2%2Fcomments&post=95317"}],"version-history":[{"count":1,"href":"https:\/\/www.egemtv.com\/index.php?rest_route=\/wp\/v2\/posts\/95317\/revisions"}],"predecessor-version":[{"id":95319,"href":"https:\/\/www.egemtv.com\/index.php?rest_route=\/wp\/v2\/posts\/95317\/revisions\/95319"}],"wp:featuredmedia":[{"embeddable":true,"href":"https:\/\/www.egemtv.com\/index.php?rest_route=\/wp\/v2\/media\/95318"}],"wp:attachment":[{"href":"https:\/\/www.egemtv.com\/index.php?rest_route=%2Fwp%2Fv2%2Fmedia&parent=95317"}],"wp:term":[{"taxonomy":"category","embeddable":true,"href":"https:\/\/www.egemtv.com\/index.php?rest_route=%2Fwp%2Fv2%2Fcategories&post=95317"},{"taxonomy":"post_tag","embeddable":true,"href":"https:\/\/www.egemtv.com\/index.php?rest_route=%2Fwp%2Fv2%2Ftags&post=95317"}],"curies":[{"name":"wp","href":"https:\/\/api.w.org\/{rel}","templated":true}]}}