{"id":95314,"date":"2026-03-26T16:15:43","date_gmt":"2026-03-26T13:15:43","guid":{"rendered":"https:\/\/www.egemtv.com\/?p=95314"},"modified":"2026-03-26T16:15:43","modified_gmt":"2026-03-26T13:15:43","slug":"cesmede-duygu-dolu-canakkale-anmasi","status":"publish","type":"post","link":"https:\/\/www.egemtv.com\/?p=95314","title":{"rendered":"\u00c7e\u015fme\u2019de, duygu dolu \u00c7anakkale anmas\u0131"},"content":{"rendered":"<p>18 Mart \u00c7anakkale Zaferi\u2019nin 111. y\u0131l d\u00f6n\u00fcm\u00fc dolay\u0131s\u0131yla \u00c7e\u015fme\u2019de anlaml\u0131 bir anma program\u0131 d\u00fczenlendi. 18 Mart\u2019ta okullar\u0131n ara tatilde olmas\u0131 nedeniyle bug\u00fcn ger\u00e7ekle\u015ftirilen t\u00f6rende duygu dolu anlar ya\u015fand\u0131.<br \/>\n<br \/>\u00c7akabey K\u00fclt\u00fcr Merkezi\u2019nde d\u00fczenlenen programa il\u00e7e protokol\u00fc, daire amirleri, siyasi parti temsilcileri, \u00f6\u011fretmenler, \u00f6\u011frenciler ve \u00e7ok say\u0131da vatanda\u015f kat\u0131ld\u0131. Program, S\u0131d\u0131ka Kelami Ertan Ortaokulu taraf\u0131ndan haz\u0131rlan\u0131rken, sayg\u0131 duru\u015fu ve \u0130stiklal Mar\u015f\u0131\u2019n\u0131n okunmas\u0131yla ba\u015flad\u0131.<br \/>\n<br \/>G\u00fcn\u00fcn anlam ve \u00f6nemine ili\u015fkin konu\u015fmay\u0131 okul m\u00fcd\u00fcr\u00fc Hikmet Aykut yapt\u0131. Aykut, konu\u015fmas\u0131nda \u00c7anakkale Zaferi\u2019nin yaln\u0131zca bir askeri ba\u015far\u0131 olmad\u0131\u011f\u0131n\u0131, ayn\u0131 zamanda bir milletin kaderini de\u011fi\u015ftiren tarihi bir d\u00f6n\u00fcm noktas\u0131 oldu\u011funu vurgulad\u0131.<br \/>\n<br \/>\u00c7anakkale\u2019de verilen m\u00fccadelenin fedak\u00e2rl\u0131k, inan\u00e7 ve kararl\u0131l\u0131\u011f\u0131n en b\u00fcy\u00fck \u00f6rneklerinden biri oldu\u011funu ifade eden Aykut, Mustafa Kemal Atat\u00fcrk\u2019\u00fcn liderli\u011fine dikkat \u00e7ekerek, &#8220;Onun askeri dehas\u0131 ve sars\u0131lmaz iradesi olmasayd\u0131 bug\u00fcn bu topraklarda \u00f6zg\u00fcrce ya\u015famak m\u00fcmk\u00fcn olmayacakt\u0131&#8221; dedi.<br \/>\n<br \/>Konu\u015fmas\u0131nda gen\u00e7lere de seslenen Aykut, \u00c7anakkale ruhunun yaln\u0131zca ge\u00e7mi\u015fte kalmamas\u0131 gerekti\u011fini belirterek, bu ruhun bilim, sanat ve \u00fcretimle gelece\u011fe ta\u015f\u0131nmas\u0131n\u0131n \u00f6nemine de\u011findi. \u015eehitlerin emaneti olan vatan\u0131n korunmas\u0131n\u0131n en b\u00fcy\u00fck sorumluluk oldu\u011funu ifade etti.<\/p>\n<p>\u00d6\u011frencilere \u00f6d\u00fclleri verildi<br \/>\n<br \/>Program kapsam\u0131nda \u0130l\u00e7e Milli E\u011fitim M\u00fcd\u00fcrl\u00fc\u011f\u00fc taraf\u0131ndan d\u00fczenlenen \u015fiir ve resim yar\u0131\u015fmalar\u0131nda dereceye giren \u00f6\u011frencilere \u00f6d\u00fclleri takdim edildi. \u00d6\u011frencilerin \u00c7anakkale ruhunu yans\u0131tan eserleri, kat\u0131l\u0131mc\u0131lar taraf\u0131ndan ilgiyle kar\u015f\u0131land\u0131.<br \/>\n<br \/>T\u00f6ren, \u00f6\u011frenciler taraf\u0131ndan sahnelenen &#8220;Ge\u00e7ilmez \u00c7anakkale&#8221; adl\u0131 g\u00f6steri ile devam etti. Duygusal anlar\u0131n ya\u015fand\u0131\u011f\u0131 g\u00f6steri, izleyicilerden b\u00fcy\u00fck alk\u0131\u015f ald\u0131.<br \/>\n<br \/>Anma program\u0131, toplu hat\u0131ra foto\u011fraf\u0131 \u00e7ekiminin ard\u0131ndan sona erdi.<br \/><\/p>\n","protected":false},"excerpt":{"rendered":"<p>18 Mart \u00c7anakkale Zaferi\u2019nin 111. y\u0131l d\u00f6n\u00fcm\u00fc dolay\u0131s\u0131yla \u00c7e\u015fme\u2019de anlaml\u0131 bir anma program\u0131 d\u00fczenlendi. 18 Mart\u2019ta okullar\u0131n ara tatilde olmas\u0131 nedeniyle bug\u00fcn ger\u00e7ekle\u015ftirilen t\u00f6rende duygu dolu anlar ya\u015fand\u0131. \u00c7akabey K\u00fclt\u00fcr Merkezi\u2019nde d\u00fczenlenen programa il\u00e7e protokol\u00fc, daire amirleri, siyasi parti temsilcileri, \u00f6\u011fretmenler, \u00f6\u011frenciler ve \u00e7ok say\u0131da vatanda\u015f kat\u0131ld\u0131. Program, S\u0131d\u0131ka Kelami Ertan Ortaokulu taraf\u0131ndan haz\u0131rlan\u0131rken, sayg\u0131&#8230;<\/p>\n","protected":false},"author":1,"featured_media":95315,"comment_status":"open","ping_status":"open","sticky":false,"template":"","format":"standard","meta":{"_crdt_document":"","footnotes":""},"categories":[1],"tags":[],"class_list":["post-95314","post","type-post","status-publish","format-standard","has-post-thumbnail","hentry","category-guncel"],"_links":{"self":[{"href":"https:\/\/www.egemtv.com\/index.php?rest_route=\/wp\/v2\/posts\/95314","targetHints":{"allow":["GET"]}}],"collection":[{"href":"https:\/\/www.egemtv.com\/index.php?rest_route=\/wp\/v2\/posts"}],"about":[{"href":"https:\/\/www.egemtv.com\/index.php?rest_route=\/wp\/v2\/types\/post"}],"author":[{"embeddable":true,"href":"https:\/\/www.egemtv.com\/index.php?rest_route=\/wp\/v2\/users\/1"}],"replies":[{"embeddable":true,"href":"https:\/\/www.egemtv.com\/index.php?rest_route=%2Fwp%2Fv2%2Fcomments&post=95314"}],"version-history":[{"count":1,"href":"https:\/\/www.egemtv.com\/index.php?rest_route=\/wp\/v2\/posts\/95314\/revisions"}],"predecessor-version":[{"id":95316,"href":"https:\/\/www.egemtv.com\/index.php?rest_route=\/wp\/v2\/posts\/95314\/revisions\/95316"}],"wp:featuredmedia":[{"embeddable":true,"href":"https:\/\/www.egemtv.com\/index.php?rest_route=\/wp\/v2\/media\/95315"}],"wp:attachment":[{"href":"https:\/\/www.egemtv.com\/index.php?rest_route=%2Fwp%2Fv2%2Fmedia&parent=95314"}],"wp:term":[{"taxonomy":"category","embeddable":true,"href":"https:\/\/www.egemtv.com\/index.php?rest_route=%2Fwp%2Fv2%2Fcategories&post=95314"},{"taxonomy":"post_tag","embeddable":true,"href":"https:\/\/www.egemtv.com\/index.php?rest_route=%2Fwp%2Fv2%2Ftags&post=95314"}],"curies":[{"name":"wp","href":"https:\/\/api.w.org\/{rel}","templated":true}]}}