{"id":95311,"date":"2026-03-26T16:15:42","date_gmt":"2026-03-26T13:15:42","guid":{"rendered":"https:\/\/www.egemtv.com\/?p=95311"},"modified":"2026-03-26T16:15:42","modified_gmt":"2026-03-26T13:15:42","slug":"ege-denizinde-firtina-bekleniyor-8","status":"publish","type":"post","link":"https:\/\/www.egemtv.com\/?p=95311","title":{"rendered":"Ege Denizi\u2019nde f\u0131rt\u0131na bekleniyor"},"content":{"rendered":"<p>Ege Denizi\u2019nde r\u00fczgar\u0131n yar\u0131n \u00f6\u011flen saatlerinden itibaren f\u0131rt\u0131na \u015feklinde esmesi bekleniyor.<\/p>\n<p>Meteoroloji verilerine g\u00f6re, Kuzey Ege\u2019nin g\u00fcneyinde r\u00fczgar\u0131n, yar\u0131n (27.03.2026) \u00f6\u011fle saatlerinden itibaren g\u00fcney ve g\u00fcneybat\u0131 y\u00f6nlerden 6 ila 8 kuvvetinde (50-75 km\/saat) f\u0131rt\u0131na \u015feklinde esece\u011fi tahmin edilmektedir. F\u0131rt\u0131nan\u0131n ayn\u0131 g\u00fcn gece saatlerinden itibaren etkisini kaybetmesi beklenmektedir. G\u00fcney Ege\u2019nin kuzeyinde r\u00fczgar\u0131n, yar\u0131n (27.03.2026) \u00f6\u011fle saatlerinden itibaren g\u00fcney ve g\u00fcneybat\u0131 y\u00f6nlerden 6 ila 8 kuvvetinde (50-75 km\/saat) f\u0131rt\u0131na \u015feklinde esece\u011fi tahmin edilmektedir. F\u0131rt\u0131nan\u0131n ayn\u0131 g\u00fcn gece saatlerinden itibaren etkisini kaybetmesi beklenmektedir&#8221; denildi.<br \/><\/p>\n","protected":false},"excerpt":{"rendered":"<p>Ege Denizi\u2019nde r\u00fczgar\u0131n yar\u0131n \u00f6\u011flen saatlerinden itibaren f\u0131rt\u0131na \u015feklinde esmesi bekleniyor. Meteoroloji verilerine g\u00f6re, Kuzey Ege\u2019nin g\u00fcneyinde r\u00fczgar\u0131n, yar\u0131n (27.03.2026) \u00f6\u011fle saatlerinden itibaren g\u00fcney ve g\u00fcneybat\u0131 y\u00f6nlerden 6 ila 8 kuvvetinde (50-75 km\/saat) f\u0131rt\u0131na \u015feklinde esece\u011fi tahmin edilmektedir. F\u0131rt\u0131nan\u0131n ayn\u0131 g\u00fcn gece saatlerinden itibaren etkisini kaybetmesi beklenmektedir. G\u00fcney Ege\u2019nin kuzeyinde r\u00fczgar\u0131n, yar\u0131n (27.03.2026) \u00f6\u011fle saatlerinden&#8230;<\/p>\n","protected":false},"author":1,"featured_media":95312,"comment_status":"open","ping_status":"open","sticky":false,"template":"","format":"standard","meta":{"_crdt_document":"","footnotes":""},"categories":[1],"tags":[],"class_list":["post-95311","post","type-post","status-publish","format-standard","has-post-thumbnail","hentry","category-guncel"],"_links":{"self":[{"href":"https:\/\/www.egemtv.com\/index.php?rest_route=\/wp\/v2\/posts\/95311","targetHints":{"allow":["GET"]}}],"collection":[{"href":"https:\/\/www.egemtv.com\/index.php?rest_route=\/wp\/v2\/posts"}],"about":[{"href":"https:\/\/www.egemtv.com\/index.php?rest_route=\/wp\/v2\/types\/post"}],"author":[{"embeddable":true,"href":"https:\/\/www.egemtv.com\/index.php?rest_route=\/wp\/v2\/users\/1"}],"replies":[{"embeddable":true,"href":"https:\/\/www.egemtv.com\/index.php?rest_route=%2Fwp%2Fv2%2Fcomments&post=95311"}],"version-history":[{"count":1,"href":"https:\/\/www.egemtv.com\/index.php?rest_route=\/wp\/v2\/posts\/95311\/revisions"}],"predecessor-version":[{"id":95313,"href":"https:\/\/www.egemtv.com\/index.php?rest_route=\/wp\/v2\/posts\/95311\/revisions\/95313"}],"wp:featuredmedia":[{"embeddable":true,"href":"https:\/\/www.egemtv.com\/index.php?rest_route=\/wp\/v2\/media\/95312"}],"wp:attachment":[{"href":"https:\/\/www.egemtv.com\/index.php?rest_route=%2Fwp%2Fv2%2Fmedia&parent=95311"}],"wp:term":[{"taxonomy":"category","embeddable":true,"href":"https:\/\/www.egemtv.com\/index.php?rest_route=%2Fwp%2Fv2%2Fcategories&post=95311"},{"taxonomy":"post_tag","embeddable":true,"href":"https:\/\/www.egemtv.com\/index.php?rest_route=%2Fwp%2Fv2%2Ftags&post=95311"}],"curies":[{"name":"wp","href":"https:\/\/api.w.org\/{rel}","templated":true}]}}