{"id":95308,"date":"2026-03-26T16:15:40","date_gmt":"2026-03-26T13:15:40","guid":{"rendered":"https:\/\/www.egemtv.com\/?p=95308"},"modified":"2026-03-26T16:15:41","modified_gmt":"2026-03-26T13:15:41","slug":"sarigolde-nevruz-coskusu","status":"publish","type":"post","link":"https:\/\/www.egemtv.com\/?p=95308","title":{"rendered":"Sar\u0131g\u00f6l\u2019de Nevruz co\u015fkusu"},"content":{"rendered":"<p>Manisa\u2019n\u0131n Sar\u0131g\u00f6l il\u00e7esinde Sar\u0131g\u00f6l Mesleki ve Teknik Anadolu Lisesi taraf\u0131ndan d\u00fczenlenen Nevruz etkinlikleri, renkli g\u00f6r\u00fcnt\u00fclere sahne oldu. \u00c7e\u015fitli yar\u0131\u015fmalar ve g\u00f6sterilerle ger\u00e7ekle\u015ftirilen kutlamalar kat\u0131l\u0131mc\u0131lardan b\u00fcy\u00fck ilgi g\u00f6rd\u00fc.<br \/>\n<br \/>Okullardaki ara karne d\u00f6nemi ile Ramazan Bayram\u0131 tatilinin birle\u015fmesi nedeniyle ertelenen Nevruz kutlamalar\u0131, Sar\u0131g\u00f6l Mesleki ve Teknik Anadolu Lisesi bah\u00e7esinde d\u00fczenlenen etkinliklerle co\u015fku i\u00e7inde ger\u00e7ekle\u015ftirildi.<br \/>\n<br \/>Programda konu\u015fan Sar\u0131g\u00f6l Mesleki ve Teknik Anadolu Lisesi Okul M\u00fcd\u00fcr\u00fc Sermin O\u011fan, Nevruz\u2019un bahar\u0131n ba\u015flang\u0131c\u0131n\u0131 ve do\u011fan\u0131n uyan\u0131\u015f\u0131n\u0131 simgeleyen \u00f6nemli bir g\u00fcn oldu\u011funu belirterek, bu t\u00fcr etkinliklerin birlik ve beraberli\u011fi peki\u015ftirdi\u011fini ifade etti.<br \/>\n<br \/>Etkinlik kapsam\u0131nda \u00f6\u011frenciler taraf\u0131ndan haz\u0131rlanan demir d\u00f6vme g\u00f6sterisi, halat \u00e7ekme, halk oyunlar\u0131, \u00e7uval yar\u0131\u015f\u0131, yumurta yar\u0131\u015f\u0131 ve ok atma yar\u0131\u015fmalar\u0131 izleyenler taraf\u0131ndan ilgiyle takip edildi. B\u00fcy\u00fck heyecana sahne olan yar\u0131\u015fmalarda dereceye giren \u00f6\u011frencilere \u00e7e\u015fitli hediyeler verildi.<br \/>\n<br \/>Program\u0131n sonunda davetlilere tavuklu pilav, \u00fcz\u00fcm ho\u015faf\u0131 ve irmik helvas\u0131 ikram edildi.<br \/>\n<br \/>Sar\u0131g\u00f6l Mesleki ve Teknik Anadolu Lisesi bah\u00e7esinde d\u00fczenlenen Nevruz etkinli\u011fine Sar\u0131g\u00f6l Kaymakam\u0131 Halil Dalak, Sar\u0131g\u00f6l Belediye Ba\u015fkan\u0131 Tahsin Akdeniz, \u0130l\u00e7e Milli E\u011fitim M\u00fcd\u00fcr\u00fc Cezmi Y\u0131ld\u0131rak, daire amirleri, \u00f6\u011fretmenler, \u00f6\u011frenciler ve \u00e7ok say\u0131da vatanda\u015f kat\u0131ld\u0131.<br \/>\n<br \/>\u0130l\u00e7e Milli E\u011fitim M\u00fcd\u00fcr\u00fc Cezmi Y\u0131ld\u0131rak da program sonunda etkinli\u011fin haz\u0131rlanmas\u0131nda eme\u011fi ge\u00e7en \u00f6\u011fretmen ve \u00f6\u011frencilere te\u015fekk\u00fcr etti.<br \/><\/p>\n","protected":false},"excerpt":{"rendered":"<p>Manisa\u2019n\u0131n Sar\u0131g\u00f6l il\u00e7esinde Sar\u0131g\u00f6l Mesleki ve Teknik Anadolu Lisesi taraf\u0131ndan d\u00fczenlenen Nevruz etkinlikleri, renkli g\u00f6r\u00fcnt\u00fclere sahne oldu. \u00c7e\u015fitli yar\u0131\u015fmalar ve g\u00f6sterilerle ger\u00e7ekle\u015ftirilen kutlamalar kat\u0131l\u0131mc\u0131lardan b\u00fcy\u00fck ilgi g\u00f6rd\u00fc. Okullardaki ara karne d\u00f6nemi ile Ramazan Bayram\u0131 tatilinin birle\u015fmesi nedeniyle ertelenen Nevruz kutlamalar\u0131, Sar\u0131g\u00f6l Mesleki ve Teknik Anadolu Lisesi bah\u00e7esinde d\u00fczenlenen etkinliklerle co\u015fku i\u00e7inde ger\u00e7ekle\u015ftirildi. Programda konu\u015fan Sar\u0131g\u00f6l&#8230;<\/p>\n","protected":false},"author":1,"featured_media":95309,"comment_status":"open","ping_status":"open","sticky":false,"template":"","format":"standard","meta":{"_crdt_document":"","footnotes":""},"categories":[1],"tags":[],"class_list":["post-95308","post","type-post","status-publish","format-standard","has-post-thumbnail","hentry","category-guncel"],"_links":{"self":[{"href":"https:\/\/www.egemtv.com\/index.php?rest_route=\/wp\/v2\/posts\/95308","targetHints":{"allow":["GET"]}}],"collection":[{"href":"https:\/\/www.egemtv.com\/index.php?rest_route=\/wp\/v2\/posts"}],"about":[{"href":"https:\/\/www.egemtv.com\/index.php?rest_route=\/wp\/v2\/types\/post"}],"author":[{"embeddable":true,"href":"https:\/\/www.egemtv.com\/index.php?rest_route=\/wp\/v2\/users\/1"}],"replies":[{"embeddable":true,"href":"https:\/\/www.egemtv.com\/index.php?rest_route=%2Fwp%2Fv2%2Fcomments&post=95308"}],"version-history":[{"count":1,"href":"https:\/\/www.egemtv.com\/index.php?rest_route=\/wp\/v2\/posts\/95308\/revisions"}],"predecessor-version":[{"id":95310,"href":"https:\/\/www.egemtv.com\/index.php?rest_route=\/wp\/v2\/posts\/95308\/revisions\/95310"}],"wp:featuredmedia":[{"embeddable":true,"href":"https:\/\/www.egemtv.com\/index.php?rest_route=\/wp\/v2\/media\/95309"}],"wp:attachment":[{"href":"https:\/\/www.egemtv.com\/index.php?rest_route=%2Fwp%2Fv2%2Fmedia&parent=95308"}],"wp:term":[{"taxonomy":"category","embeddable":true,"href":"https:\/\/www.egemtv.com\/index.php?rest_route=%2Fwp%2Fv2%2Fcategories&post=95308"},{"taxonomy":"post_tag","embeddable":true,"href":"https:\/\/www.egemtv.com\/index.php?rest_route=%2Fwp%2Fv2%2Ftags&post=95308"}],"curies":[{"name":"wp","href":"https:\/\/api.w.org\/{rel}","templated":true}]}}