{"id":95305,"date":"2026-03-26T16:15:39","date_gmt":"2026-03-26T13:15:39","guid":{"rendered":"https:\/\/www.egemtv.com\/?p=95305"},"modified":"2026-03-26T16:15:40","modified_gmt":"2026-03-26T13:15:40","slug":"fethiyede-yaslilara-saygi-haftasi-etkinligi-renkli-goruntulere-sahne-oldu","status":"publish","type":"post","link":"https:\/\/www.egemtv.com\/?p=95305","title":{"rendered":"Fethiye\u2019de Ya\u015fl\u0131lara Sayg\u0131 Haftas\u0131 etkinli\u011fi renkli g\u00f6r\u00fcnt\u00fclere sahne oldu"},"content":{"rendered":"<p>Mu\u011fla\u2019n\u0131n Fethiye il\u00e7esinde 18-24 Mart Ya\u015fl\u0131lara Sayg\u0131 Haftas\u0131 kapsam\u0131nda ya\u015fl\u0131lar\u0131n sosyal hayata kat\u0131l\u0131m\u0131n\u0131 art\u0131rmak ve fark\u0131ndal\u0131k olu\u015fturmak amac\u0131yla \u00e7e\u015fitli etkinlikler d\u00fczenlendi. Be\u015fkaza Meydan\u0131\u2019nda ger\u00e7ekle\u015ftirilen etkinlikler, renkli g\u00f6r\u00fcnt\u00fclere sahne oldu.<\/p>\n<p>Mu\u011fla S\u0131tk\u0131 Ko\u00e7man \u00dcniversitesi Ya\u015fl\u0131 Sa\u011fl\u0131\u011f\u0131 Ara\u015ft\u0131rma Uygulama Merkezi Sa\u011fl\u0131kl\u0131 Aktif Ya\u015flanma Program\u0131 (SAYAP) ile Fethiye Turizm, Tan\u0131t\u0131m, E\u011fitim, K\u00fclt\u00fcr ve \u00c7evre Vakf\u0131 (FETAV) i\u015f birli\u011finde organize edilen etkinli\u011fe vatanda\u015flar yo\u011fun ilgi g\u00f6sterdi. Program kapsam\u0131nda resim \u00e7al\u0131\u015fmalar\u0131, spor egzersizleri, dans ve m\u00fczik gibi \u00e7e\u015fitli aktiviteler ger\u00e7ekle\u015ftirildi. Etkinlikte hem ya\u015fl\u0131lar hem de vatanda\u015flar keyifli anlar ya\u015fad\u0131.<\/p>\n<p>&#8220;Toplum h\u0131zla ya\u015flan\u0131yor&#8221;<br \/>\n<br \/>Mu\u011fla S\u0131tk\u0131 Ko\u00e7man \u00dcniversitesi Ya\u015fl\u0131 Sa\u011fl\u0131\u011f\u0131 Ara\u015ft\u0131rma Uygulama Merkezi M\u00fcd\u00fcr\u00fc Dr. Cemil Yavuz, programda yapt\u0131\u011f\u0131 konu\u015fmada T\u00fcrkiye\u2019nin h\u0131zla de\u011fi\u015fen n\u00fcfus yap\u0131s\u0131na dikkat \u00e7ekerek ya\u015flanan toplum ger\u00e7e\u011finin alt\u0131n\u0131 \u00e7izdi. Yavuz, 1935 y\u0131l\u0131nda y\u00fczde 4 olan ya\u015fl\u0131 n\u00fcfus oran\u0131n\u0131n 2010\u2019da y\u00fczde 7,2\u2019ye, 2025 y\u0131l\u0131nda ise y\u00fczde 11,1\u2019e ula\u015ft\u0131\u011f\u0131n\u0131 belirtti. 2050 y\u0131l\u0131nda ise her d\u00f6rt ki\u015fiden birinin 65 ya\u015f ve \u00fczeri olmas\u0131n\u0131n beklendi\u011fini ifade etti. Birle\u015fmi\u015f Milletler kriterlerine g\u00f6re bir toplumda ya\u015fl\u0131 n\u00fcfus oran\u0131n\u0131n y\u00fczde 7\u2019yi a\u015fmas\u0131n\u0131n o toplumun &#8220;ya\u015flanm\u0131\u015f toplum&#8221; olarak kabul edilmesi anlam\u0131na geldi\u011fini hat\u0131rlatan Yavuz, T\u00fcrkiye\u2019nin 2009 y\u0131l\u0131ndan itibaren bu s\u00fcrece girdi\u011fini s\u00f6yledi.<\/p>\n<p>&#8220;Sa\u011fl\u0131kl\u0131 ya\u015f almak toplumsal bir sorumluluk&#8221;<br \/>\n<br \/>Sa\u011fl\u0131kl\u0131 ve aktif ya\u015f alman\u0131n yaln\u0131zca bireysel bir mesele olmad\u0131\u011f\u0131n\u0131 vurgulayan Yavuz, bunun ayn\u0131 zamanda toplumsal bir sorumluluk oldu\u011funu ifade etti. Geli\u015fmi\u015f \u00fclkelerin bu d\u00f6n\u00fc\u015f\u00fcme uzun y\u0131llar i\u00e7inde haz\u0131rland\u0131\u011f\u0131n\u0131 belirten Yavuz, T\u00fcrkiye\u2019nin ise bu uyum s\u00fcrecini \u00e7ok daha k\u0131sa s\u00fcrede ger\u00e7ekle\u015ftirmek zorunda oldu\u011funu dile getirdi. T\u00fcrkiye\u2019de ortalama ya\u015fam s\u00fcresinin 78,1 y\u0131l oldu\u011funu ancak bunun yaln\u0131zca 57,6 y\u0131l\u0131n\u0131n sa\u011fl\u0131kl\u0131 ge\u00e7irildi\u011fini belirten Yavuz, sa\u011fl\u0131kl\u0131 ya\u015fam s\u00fcresinin art\u0131r\u0131lmas\u0131n\u0131n g\u00fc\u00e7l\u00fc sosyal politikalar ve kapsay\u0131c\u0131 yakla\u015f\u0131mlarla m\u00fcmk\u00fcn olaca\u011f\u0131n\u0131 s\u00f6yledi.<\/p>\n<p>Etkinlik, yap\u0131lan aktiviteler ve toplu foto\u011fraf \u00e7ekimi ile sona erdi.<br \/><\/p>\n","protected":false},"excerpt":{"rendered":"<p>Mu\u011fla\u2019n\u0131n Fethiye il\u00e7esinde 18-24 Mart Ya\u015fl\u0131lara Sayg\u0131 Haftas\u0131 kapsam\u0131nda ya\u015fl\u0131lar\u0131n sosyal hayata kat\u0131l\u0131m\u0131n\u0131 art\u0131rmak ve fark\u0131ndal\u0131k olu\u015fturmak amac\u0131yla \u00e7e\u015fitli etkinlikler d\u00fczenlendi. Be\u015fkaza Meydan\u0131\u2019nda ger\u00e7ekle\u015ftirilen etkinlikler, renkli g\u00f6r\u00fcnt\u00fclere sahne oldu. Mu\u011fla S\u0131tk\u0131 Ko\u00e7man \u00dcniversitesi Ya\u015fl\u0131 Sa\u011fl\u0131\u011f\u0131 Ara\u015ft\u0131rma Uygulama Merkezi Sa\u011fl\u0131kl\u0131 Aktif Ya\u015flanma Program\u0131 (SAYAP) ile Fethiye Turizm, Tan\u0131t\u0131m, E\u011fitim, K\u00fclt\u00fcr ve \u00c7evre Vakf\u0131 (FETAV) i\u015f birli\u011finde&#8230;<\/p>\n","protected":false},"author":1,"featured_media":95306,"comment_status":"open","ping_status":"open","sticky":false,"template":"","format":"standard","meta":{"_crdt_document":"","footnotes":""},"categories":[123],"tags":[],"class_list":["post-95305","post","type-post","status-publish","format-standard","has-post-thumbnail","hentry","category-gundem"],"_links":{"self":[{"href":"https:\/\/www.egemtv.com\/index.php?rest_route=\/wp\/v2\/posts\/95305","targetHints":{"allow":["GET"]}}],"collection":[{"href":"https:\/\/www.egemtv.com\/index.php?rest_route=\/wp\/v2\/posts"}],"about":[{"href":"https:\/\/www.egemtv.com\/index.php?rest_route=\/wp\/v2\/types\/post"}],"author":[{"embeddable":true,"href":"https:\/\/www.egemtv.com\/index.php?rest_route=\/wp\/v2\/users\/1"}],"replies":[{"embeddable":true,"href":"https:\/\/www.egemtv.com\/index.php?rest_route=%2Fwp%2Fv2%2Fcomments&post=95305"}],"version-history":[{"count":1,"href":"https:\/\/www.egemtv.com\/index.php?rest_route=\/wp\/v2\/posts\/95305\/revisions"}],"predecessor-version":[{"id":95307,"href":"https:\/\/www.egemtv.com\/index.php?rest_route=\/wp\/v2\/posts\/95305\/revisions\/95307"}],"wp:featuredmedia":[{"embeddable":true,"href":"https:\/\/www.egemtv.com\/index.php?rest_route=\/wp\/v2\/media\/95306"}],"wp:attachment":[{"href":"https:\/\/www.egemtv.com\/index.php?rest_route=%2Fwp%2Fv2%2Fmedia&parent=95305"}],"wp:term":[{"taxonomy":"category","embeddable":true,"href":"https:\/\/www.egemtv.com\/index.php?rest_route=%2Fwp%2Fv2%2Fcategories&post=95305"},{"taxonomy":"post_tag","embeddable":true,"href":"https:\/\/www.egemtv.com\/index.php?rest_route=%2Fwp%2Fv2%2Ftags&post=95305"}],"curies":[{"name":"wp","href":"https:\/\/api.w.org\/{rel}","templated":true}]}}