{"id":95302,"date":"2026-03-26T15:40:42","date_gmt":"2026-03-26T12:40:42","guid":{"rendered":"https:\/\/www.egemtv.com\/?p=95302"},"modified":"2026-03-26T15:40:43","modified_gmt":"2026-03-26T12:40:43","slug":"civrilde-gorulen-maymun-koruma-altina-alindi","status":"publish","type":"post","link":"https:\/\/www.egemtv.com\/?p=95302","title":{"rendered":"\u00c7ivril\u2019de g\u00f6r\u00fclen maymun koruma alt\u0131na al\u0131nd\u0131"},"content":{"rendered":"<p>Denizli\u2019nin \u00c7ivril il\u00e7esinde bir vatanda\u015f\u0131n arazisinde fark etti\u011fi iki maymundan biri yakalanarak tedavi alt\u0131na al\u0131nd\u0131 di\u011fer maymun ise ka\u00e7t\u0131. A\u00e7l\u0131k nedeniyle bitkin d\u00fc\u015ft\u00fc\u011f\u00fc belirtilen hayvan, ilk m\u00fcdahalenin ard\u0131ndan Milli Parklar ekiplerine teslim edildi. Ka\u00e7an maymun yakalanmas\u0131 i\u00e7in \u00e7al\u0131\u015fmalar s\u00fcr\u00fcyor.<br \/>\n<br \/>Denizli\u2019nin \u00c7ivril il\u00e7esine ba\u011fl\u0131 Yaka Mahallesi k\u0131rsal\u0131nda ilgin\u00e7 bir olay ya\u015fand\u0131. Arazisinde \u00e7al\u0131\u015fan bir vatanda\u015f, a\u011fa\u00e7 \u00fczerinde iki maymun oldu\u011funu fark ederek durumu yetkililere bildirdi. \u0130hbar \u00fczerine b\u00f6lgeye gelen ekipler, maymunlardan birini yakalayarak \u00c7ivril Belediyesi Sokak Hayvanlar\u0131 Klini\u011fi\u2019ne g\u00f6t\u00fcrd\u00fc. Yap\u0131lan ilk incelemede hayvan\u0131n a\u00e7l\u0131k nedeniyle g\u00fc\u00e7s\u00fcz d\u00fc\u015ft\u00fc\u011f\u00fc belirlendi. Klinik ekipleri taraf\u0131ndan ilk tedavisi yap\u0131lan maymunun sa\u011fl\u0131k durumunun kontrol alt\u0131na al\u0131nd\u0131\u011f\u0131 \u00f6\u011frenildi. Tedavi s\u00fcrecinin ard\u0131ndan yakalanan maymun, Do\u011fa Koruma ve Milli Parklar ekiplerine teslim edilerek koruma alt\u0131na al\u0131nd\u0131. \u00d6te yandan a\u011fa\u00e7tan ka\u00e7arak uzakla\u015fan di\u011fer maymunun yakalanmas\u0131 i\u00e7in b\u00f6lgede \u00e7al\u0131\u015fmalar\u0131n s\u00fcrd\u00fc\u011f\u00fc bildirildi.<br \/><\/p>\n","protected":false},"excerpt":{"rendered":"<p>Denizli\u2019nin \u00c7ivril il\u00e7esinde bir vatanda\u015f\u0131n arazisinde fark etti\u011fi iki maymundan biri yakalanarak tedavi alt\u0131na al\u0131nd\u0131 di\u011fer maymun ise ka\u00e7t\u0131. A\u00e7l\u0131k nedeniyle bitkin d\u00fc\u015ft\u00fc\u011f\u00fc belirtilen hayvan, ilk m\u00fcdahalenin ard\u0131ndan Milli Parklar ekiplerine teslim edildi. Ka\u00e7an maymun yakalanmas\u0131 i\u00e7in \u00e7al\u0131\u015fmalar s\u00fcr\u00fcyor. Denizli\u2019nin \u00c7ivril il\u00e7esine ba\u011fl\u0131 Yaka Mahallesi k\u0131rsal\u0131nda ilgin\u00e7 bir olay ya\u015fand\u0131. Arazisinde \u00e7al\u0131\u015fan bir vatanda\u015f, a\u011fa\u00e7&#8230;<\/p>\n","protected":false},"author":1,"featured_media":95303,"comment_status":"open","ping_status":"open","sticky":false,"template":"","format":"standard","meta":{"_crdt_document":"","footnotes":""},"categories":[1],"tags":[],"class_list":["post-95302","post","type-post","status-publish","format-standard","has-post-thumbnail","hentry","category-guncel"],"_links":{"self":[{"href":"https:\/\/www.egemtv.com\/index.php?rest_route=\/wp\/v2\/posts\/95302","targetHints":{"allow":["GET"]}}],"collection":[{"href":"https:\/\/www.egemtv.com\/index.php?rest_route=\/wp\/v2\/posts"}],"about":[{"href":"https:\/\/www.egemtv.com\/index.php?rest_route=\/wp\/v2\/types\/post"}],"author":[{"embeddable":true,"href":"https:\/\/www.egemtv.com\/index.php?rest_route=\/wp\/v2\/users\/1"}],"replies":[{"embeddable":true,"href":"https:\/\/www.egemtv.com\/index.php?rest_route=%2Fwp%2Fv2%2Fcomments&post=95302"}],"version-history":[{"count":1,"href":"https:\/\/www.egemtv.com\/index.php?rest_route=\/wp\/v2\/posts\/95302\/revisions"}],"predecessor-version":[{"id":95304,"href":"https:\/\/www.egemtv.com\/index.php?rest_route=\/wp\/v2\/posts\/95302\/revisions\/95304"}],"wp:featuredmedia":[{"embeddable":true,"href":"https:\/\/www.egemtv.com\/index.php?rest_route=\/wp\/v2\/media\/95303"}],"wp:attachment":[{"href":"https:\/\/www.egemtv.com\/index.php?rest_route=%2Fwp%2Fv2%2Fmedia&parent=95302"}],"wp:term":[{"taxonomy":"category","embeddable":true,"href":"https:\/\/www.egemtv.com\/index.php?rest_route=%2Fwp%2Fv2%2Fcategories&post=95302"},{"taxonomy":"post_tag","embeddable":true,"href":"https:\/\/www.egemtv.com\/index.php?rest_route=%2Fwp%2Fv2%2Ftags&post=95302"}],"curies":[{"name":"wp","href":"https:\/\/api.w.org\/{rel}","templated":true}]}}