{"id":95299,"date":"2026-03-26T15:40:41","date_gmt":"2026-03-26T12:40:41","guid":{"rendered":"https:\/\/www.egemtv.com\/?p=95299"},"modified":"2026-03-26T15:40:42","modified_gmt":"2026-03-26T12:40:42","slug":"kutahya-feci-kaza-2-olu-1-yarali","status":"publish","type":"post","link":"https:\/\/www.egemtv.com\/?p=95299","title":{"rendered":"K\u00fctahya feci kaza: 2 \u00f6l\u00fc, 1 yaral\u0131"},"content":{"rendered":"<p>K\u00fctahya\u2019n\u0131n Tav\u015fanl\u0131 il\u00e7esinde meydana gelen trafik kazas\u0131nda 2 ki\u015fi hayat\u0131n\u0131 kaybederken, 1 ki\u015fi yaraland\u0131.<br \/>\n<br \/>Kaza, Tav\u015fanl\u0131-Tun\u00e7bilek karayolu Ekmek\u00e7i Dede mevkiinde ger\u00e7ekle\u015fti. Edinilen bilgilere g\u00f6re, \u0130smail K\u0131vrak (60) y\u00f6netimindeki 43 AZ 973 plakal\u0131 otomobil, s\u00fcr\u00fcc\u00fcn\u00fcn direksiyon hakimiyetini kaybetmesi sonucu yoldan \u00e7\u0131karak kenar\u0131ndaki \u00e7ukura u\u00e7tu. Meydana gelen kazada s\u00fcr\u00fcc\u00fc \u0130smail K\u0131vrak ile ara\u00e7ta arka koltukta yolcu olarak bulunan Fatma K\u0131vrak (71) olay yerinde hayat\u0131n\u0131 kaybetti. Ara\u00e7ta bulunan di\u011fer yolcu K\u0131smet K. ise yaraland\u0131.<br \/>\n<br \/>Yaral\u0131, olay yerine sevk edilen sa\u011fl\u0131k ekiplerinin ilk m\u00fcdahalesinin ard\u0131ndan Tav\u015fanl\u0131 Do\u00e7. Dr. Mustafa Kalemli Devlet Hastanesi\u2019ne kald\u0131r\u0131larak tedavi alt\u0131na al\u0131nd\u0131.<br \/>\n<br \/>Hayat\u0131n\u0131 kaybedenlerin cenazeleri, savc\u0131l\u0131k incelemesinin ard\u0131ndan Tav\u015fanl\u0131 Belediyesi itfaiye ekiplerinin uzun u\u011fra\u015flar\u0131 sonucu ara\u00e7tan \u00e7\u0131kar\u0131larak hastane morguna g\u00f6t\u00fcr\u00fcld\u00fc.<br \/><\/p>\n","protected":false},"excerpt":{"rendered":"<p>K\u00fctahya\u2019n\u0131n Tav\u015fanl\u0131 il\u00e7esinde meydana gelen trafik kazas\u0131nda 2 ki\u015fi hayat\u0131n\u0131 kaybederken, 1 ki\u015fi yaraland\u0131. Kaza, Tav\u015fanl\u0131-Tun\u00e7bilek karayolu Ekmek\u00e7i Dede mevkiinde ger\u00e7ekle\u015fti. Edinilen bilgilere g\u00f6re, \u0130smail K\u0131vrak (60) y\u00f6netimindeki 43 AZ 973 plakal\u0131 otomobil, s\u00fcr\u00fcc\u00fcn\u00fcn direksiyon hakimiyetini kaybetmesi sonucu yoldan \u00e7\u0131karak kenar\u0131ndaki \u00e7ukura u\u00e7tu. Meydana gelen kazada s\u00fcr\u00fcc\u00fc \u0130smail K\u0131vrak ile ara\u00e7ta arka koltukta yolcu olarak&#8230;<\/p>\n","protected":false},"author":1,"featured_media":95300,"comment_status":"open","ping_status":"open","sticky":false,"template":"","format":"standard","meta":{"_crdt_document":"","footnotes":""},"categories":[5],"tags":[],"class_list":["post-95299","post","type-post","status-publish","format-standard","has-post-thumbnail","hentry","category-asayis"],"_links":{"self":[{"href":"https:\/\/www.egemtv.com\/index.php?rest_route=\/wp\/v2\/posts\/95299","targetHints":{"allow":["GET"]}}],"collection":[{"href":"https:\/\/www.egemtv.com\/index.php?rest_route=\/wp\/v2\/posts"}],"about":[{"href":"https:\/\/www.egemtv.com\/index.php?rest_route=\/wp\/v2\/types\/post"}],"author":[{"embeddable":true,"href":"https:\/\/www.egemtv.com\/index.php?rest_route=\/wp\/v2\/users\/1"}],"replies":[{"embeddable":true,"href":"https:\/\/www.egemtv.com\/index.php?rest_route=%2Fwp%2Fv2%2Fcomments&post=95299"}],"version-history":[{"count":1,"href":"https:\/\/www.egemtv.com\/index.php?rest_route=\/wp\/v2\/posts\/95299\/revisions"}],"predecessor-version":[{"id":95301,"href":"https:\/\/www.egemtv.com\/index.php?rest_route=\/wp\/v2\/posts\/95299\/revisions\/95301"}],"wp:featuredmedia":[{"embeddable":true,"href":"https:\/\/www.egemtv.com\/index.php?rest_route=\/wp\/v2\/media\/95300"}],"wp:attachment":[{"href":"https:\/\/www.egemtv.com\/index.php?rest_route=%2Fwp%2Fv2%2Fmedia&parent=95299"}],"wp:term":[{"taxonomy":"category","embeddable":true,"href":"https:\/\/www.egemtv.com\/index.php?rest_route=%2Fwp%2Fv2%2Fcategories&post=95299"},{"taxonomy":"post_tag","embeddable":true,"href":"https:\/\/www.egemtv.com\/index.php?rest_route=%2Fwp%2Fv2%2Ftags&post=95299"}],"curies":[{"name":"wp","href":"https:\/\/api.w.org\/{rel}","templated":true}]}}