{"id":95296,"date":"2026-03-26T15:05:50","date_gmt":"2026-03-26T12:05:50","guid":{"rendered":"https:\/\/www.egemtv.com\/?p=95296"},"modified":"2026-03-26T15:05:52","modified_gmt":"2026-03-26T12:05:52","slug":"eski-baskani-sokakta-protesto-eden-belediye-iscisi-konustu","status":"publish","type":"post","link":"https:\/\/www.egemtv.com\/?p=95296","title":{"rendered":"Eski ba\u015fkan\u0131 sokakta protesto eden belediye i\u015f\u00e7isi konu\u015ftu"},"content":{"rendered":"<p>\u0130zmir\u2019de eski Bayrakl\u0131 Belediye Ba\u015fkan\u0131 Serdar Sandal\u2019\u0131 sokakta protesto eden eski belediye \u00e7al\u0131\u015fan\u0131 P\u0131nar \u00d6zkan, ya\u015fad\u0131klar\u0131n\u0131 anlatt\u0131. \u00d6zkan, haks\u0131z yere i\u015ften \u00e7\u0131kar\u0131ld\u0131\u011f\u0131n\u0131 ve yetkililerle g\u00f6r\u00fc\u015fmesine izin verilmedi\u011fini, y\u0131llard\u0131r Ba\u015fkan Sandal\u2019la g\u00f6r\u00fc\u015fmek isteyip engellendi\u011fini ve bir \u015fans eseri sokakta kar\u015f\u0131la\u015f\u0131nca neye u\u011frad\u0131\u011f\u0131n\u0131 \u015fa\u015f\u0131rd\u0131\u011f\u0131n\u0131 s\u00f6yledi.<br \/>\n<br \/>Bayrakl\u0131 Belediyesinde Eyl\u00fcl 2023\u2019te i\u015ften \u00e7\u0131kar\u0131ld\u0131\u011f\u0131n\u0131 \u00f6\u011frenen ve i\u015fe d\u00f6nmek i\u00e7in g\u00fcnlerce eylem yapan 13 y\u0131ll\u0131k belediye personeli P\u0131nar \u00d6zkan, sokakta \u015fans eseri kar\u015f\u0131la\u015ft\u0131\u011f\u0131 eski Bayrakl\u0131 Belediye Ba\u015fkan\u0131 Serdar Sandal\u2019a tepki g\u00f6sterdi. \u00d6zkan\u2019\u0131n, kendisini tan\u0131mad\u0131\u011f\u0131n\u0131 s\u00f6yleyen Sandal\u2019a, &#8220;Sen benim ekme\u011fimle oynad\u0131n. Seni asla affetmeyece\u011fim. Sen beni nas\u0131l tan\u0131mazs\u0131n, ben i\u015ften \u00e7\u0131kard\u0131\u011f\u0131n P\u0131nar \u00d6zkan. Hay\u0131r ben hi\u00e7bir \u015fey yapmad\u0131m. Sen beni 04 kodu ile i\u015ften \u00e7\u0131kard\u0131n. Ne bir \u015fahit bulabildin ne bir tane belge sunabildin. Yine de beni geri almad\u0131n. Benim bir tane k\u0131z\u0131m var. Sana iki cihanda da hakk\u0131m helal olmas\u0131n. Bu belediye ba\u015fkanl\u0131\u011f\u0131n\u0131 hi\u00e7 hak etmedin, ekmekle oynad\u0131n. Allah seni bildi\u011fi gibi yaps\u0131n. \u0130ki cihanda da Allah seni b\u0131rakmas\u0131n. Hakk\u0131m sana haram, zehir z\u0131kk\u0131m olsun. Allah belan\u0131 versin&#8221; dedi\u011fi anlar cep telefonu kameras\u0131na yans\u0131d\u0131.<\/p>\n<p>G\u00f6zya\u015flar\u0131m\u0131n akt\u0131\u011f\u0131 her an ah ediyorum<br \/>\n<br \/>\u0130\u015ften \u00e7\u0131kar\u0131ld\u0131ktan sonra ya\u015fad\u0131klar\u0131n\u0131 ve sokaktaki kar\u015f\u0131la\u015fmay\u0131 anlatan \u00d6zkan, &#8220;Serdar Sandal Bey\u2019le \u00e7\u0131kar\u0131ld\u0131\u011f\u0131mda g\u00f6r\u00fc\u015fmek istedik. E\u015fimle birlikte su\u00e7umuzun ne oldu\u011funu \u00f6\u011frenmek istedi\u011fimizde apar topar g\u00fcvenlikler e\u015fli\u011finde d\u0131\u015far\u0131 at\u0131ld\u0131k. Y\u00fcz k\u0131zart\u0131c\u0131 su\u00e7 i\u015flemi\u015f\u00e7esine bu \u015fekilde bir tav\u0131rla i\u015ften at\u0131lmak beni bu feryada s\u00fcr\u00fckledi. Ben Bornova\u2019dan Bayrakl\u0131\u2019ya do\u011fru y\u00fcr\u00fcrken \u00d6zkanlar\u2019da tesad\u00fcf kar\u015f\u0131ma \u00e7\u0131kt\u0131. O anda hi\u00e7bir \u015fey d\u00fc\u015f\u00fcnmedim. Hemen kameram\u0131 a\u00e7t\u0131m. Asl\u0131nda sakince neden beni i\u015ften att\u0131n\u0131z diye sormak istedim. Ama kendisinden ald\u0131\u011f\u0131m alayc\u0131 tav\u0131rla \u2018Bir \u015fey yapm\u0131\u015fs\u0131nd\u0131r, \u00e7\u0131karm\u0131\u015f\u0131md\u0131r\u2019 tarz\u0131nda davrand\u0131\u011f\u0131 i\u00e7in ci\u011ferden gelen bir tepki verdim. Ona ilk defa orada ah etmedim, g\u00f6zya\u015flar\u0131m\u0131n akt\u0131\u011f\u0131 her an ediyorum&#8221; ifadelerini kulland\u0131.<\/p>\n<p>Bankamatikler kal\u0131yor, kimsesizler keyfi \u015fekilde i\u015ften \u00e7\u0131kar\u0131l\u0131yor<br \/>\n<br \/>M\u00fccadelesinin s\u00fcrd\u00fc\u011f\u00fcn\u00fc ve haks\u0131zl\u0131\u011fa u\u011frad\u0131\u011f\u0131n\u0131 \u00f6ne s\u00fcren \u00d6zkan, &#8220;Bu sadece benim sorunum de\u011fil. Ayn\u0131 \u015feyleri ya\u015fayan bir\u00e7ok ki\u015fi bana ula\u015ft\u0131. Ayn\u0131 taktik uygulan\u0131yor. \u00d6nce \u00e7\u0131kar\u0131yorlar, sonra arkas\u0131ndan as\u0131ls\u0131z iddialar ortaya at\u0131yorlar. Ama davaya gelince hi\u00e7bir \u015fey sunam\u0131yorlar. Ne bir \u015fahit ne bir belge. Apar topar bizi i\u015fsiz b\u0131rak\u0131yorlar ve gelecekte i\u015fe girmemizi de engelliyorlar. Belediyede bankamatikler var. \u00c7al\u0131\u015fan personeli i\u015ften \u00e7\u0131kar\u0131yorlar ama i\u015fe gelmeyen ki\u015filerin kart\u0131n\u0131 ba\u015fkas\u0131 bas\u0131yor, bu kameralarla tespit edilmesine ra\u011fmen i\u015flem yap\u0131lm\u0131yor. Onlar yanda\u015f oldu\u011fu i\u00e7in kal\u0131yor, bizim gibi kimsesizler ise keyfi \u015fekilde i\u015ften \u00e7\u0131kar\u0131l\u0131yor&#8221; diye konu\u015ftu.<br \/><\/p>\n","protected":false},"excerpt":{"rendered":"<p>\u0130zmir\u2019de eski Bayrakl\u0131 Belediye Ba\u015fkan\u0131 Serdar Sandal\u2019\u0131 sokakta protesto eden eski belediye \u00e7al\u0131\u015fan\u0131 P\u0131nar \u00d6zkan, ya\u015fad\u0131klar\u0131n\u0131 anlatt\u0131. \u00d6zkan, haks\u0131z yere i\u015ften \u00e7\u0131kar\u0131ld\u0131\u011f\u0131n\u0131 ve yetkililerle g\u00f6r\u00fc\u015fmesine izin verilmedi\u011fini, y\u0131llard\u0131r Ba\u015fkan Sandal\u2019la g\u00f6r\u00fc\u015fmek isteyip engellendi\u011fini ve bir \u015fans eseri sokakta kar\u015f\u0131la\u015f\u0131nca neye u\u011frad\u0131\u011f\u0131n\u0131 \u015fa\u015f\u0131rd\u0131\u011f\u0131n\u0131 s\u00f6yledi. Bayrakl\u0131 Belediyesinde Eyl\u00fcl 2023\u2019te i\u015ften \u00e7\u0131kar\u0131ld\u0131\u011f\u0131n\u0131 \u00f6\u011frenen ve i\u015fe d\u00f6nmek i\u00e7in g\u00fcnlerce&#8230;<\/p>\n","protected":false},"author":1,"featured_media":95297,"comment_status":"open","ping_status":"open","sticky":false,"template":"","format":"standard","meta":{"_crdt_document":"","footnotes":""},"categories":[127],"tags":[],"class_list":["post-95296","post","type-post","status-publish","format-standard","has-post-thumbnail","hentry","category-siyaset"],"_links":{"self":[{"href":"https:\/\/www.egemtv.com\/index.php?rest_route=\/wp\/v2\/posts\/95296","targetHints":{"allow":["GET"]}}],"collection":[{"href":"https:\/\/www.egemtv.com\/index.php?rest_route=\/wp\/v2\/posts"}],"about":[{"href":"https:\/\/www.egemtv.com\/index.php?rest_route=\/wp\/v2\/types\/post"}],"author":[{"embeddable":true,"href":"https:\/\/www.egemtv.com\/index.php?rest_route=\/wp\/v2\/users\/1"}],"replies":[{"embeddable":true,"href":"https:\/\/www.egemtv.com\/index.php?rest_route=%2Fwp%2Fv2%2Fcomments&post=95296"}],"version-history":[{"count":1,"href":"https:\/\/www.egemtv.com\/index.php?rest_route=\/wp\/v2\/posts\/95296\/revisions"}],"predecessor-version":[{"id":95298,"href":"https:\/\/www.egemtv.com\/index.php?rest_route=\/wp\/v2\/posts\/95296\/revisions\/95298"}],"wp:featuredmedia":[{"embeddable":true,"href":"https:\/\/www.egemtv.com\/index.php?rest_route=\/wp\/v2\/media\/95297"}],"wp:attachment":[{"href":"https:\/\/www.egemtv.com\/index.php?rest_route=%2Fwp%2Fv2%2Fmedia&parent=95296"}],"wp:term":[{"taxonomy":"category","embeddable":true,"href":"https:\/\/www.egemtv.com\/index.php?rest_route=%2Fwp%2Fv2%2Fcategories&post=95296"},{"taxonomy":"post_tag","embeddable":true,"href":"https:\/\/www.egemtv.com\/index.php?rest_route=%2Fwp%2Fv2%2Ftags&post=95296"}],"curies":[{"name":"wp","href":"https:\/\/api.w.org\/{rel}","templated":true}]}}