{"id":95290,"date":"2026-03-26T15:05:45","date_gmt":"2026-03-26T12:05:45","guid":{"rendered":"https:\/\/www.egemtv.com\/?p=95290"},"modified":"2026-03-26T15:05:47","modified_gmt":"2026-03-26T12:05:47","slug":"manisada-tir-ile-kamyon-carpisti-2-surucu-yaralandi","status":"publish","type":"post","link":"https:\/\/www.egemtv.com\/?p=95290","title":{"rendered":"Manisa\u2019da t\u0131r ile kamyon \u00e7arp\u0131\u015ft\u0131: 2 s\u00fcr\u00fcc\u00fc yaraland\u0131"},"content":{"rendered":"<p>Manisa\u2019n\u0131n Salihli il\u00e7esinde t\u0131r\u0131n kamyona arkadan \u00e7arpmas\u0131 sonucu meydana gelen trafik kazas\u0131nda 2 s\u00fcr\u00fcc\u00fc yaraland\u0131.<br \/>\n<br \/>Kaza, Ankara-\u0130zmir D300 kara yolu \u00fczerindeki Ala\u015fehir Kav\u015fa\u011f\u0131 yak\u0131nlar\u0131nda meydana geldi. Edinilen bilgilere g\u00f6re, Kula istikametinden Salihli y\u00f6n\u00fcne seyir halinde olan M.K. idaresindeki 35 NBH 04 plakal\u0131 t\u0131r, s\u00fcr\u00fcc\u00fcs\u00fcn\u00fcn direksiyon h\u00e2kimiyetini kaybetmesi sonucu ayn\u0131 y\u00f6nde ilerleyen F.G. y\u00f6netimindeki 35 AZE 205 plakal\u0131 kamyona arkadan \u00e7arpt\u0131.<br \/>\n<br \/>Kazan\u0131n ard\u0131ndan olay yerine sa\u011fl\u0131k ve polis ekipleri sevk edildi. Yaralanan iki s\u00fcr\u00fcc\u00fc, sa\u011fl\u0131k ekiplerinin ilk m\u00fcdahalesinin ard\u0131ndan ambulanslarla Salihli Devlet Hastanesi ve \u00d6zel Medig\u00fcne\u015f Hastanesi\u2019ne kald\u0131r\u0131ld\u0131.<br \/>\n<br \/>Kazayla ilgili soru\u015fturma ba\u015flat\u0131l\u0131rken, yaral\u0131lar\u0131n hayati tehlikesinin bulunmad\u0131\u011f\u0131 \u00f6\u011frenildi.<br \/><\/p>\n","protected":false},"excerpt":{"rendered":"<p>Manisa\u2019n\u0131n Salihli il\u00e7esinde t\u0131r\u0131n kamyona arkadan \u00e7arpmas\u0131 sonucu meydana gelen trafik kazas\u0131nda 2 s\u00fcr\u00fcc\u00fc yaraland\u0131. Kaza, Ankara-\u0130zmir D300 kara yolu \u00fczerindeki Ala\u015fehir Kav\u015fa\u011f\u0131 yak\u0131nlar\u0131nda meydana geldi. Edinilen bilgilere g\u00f6re, Kula istikametinden Salihli y\u00f6n\u00fcne seyir halinde olan M.K. idaresindeki 35 NBH 04 plakal\u0131 t\u0131r, s\u00fcr\u00fcc\u00fcs\u00fcn\u00fcn direksiyon h\u00e2kimiyetini kaybetmesi sonucu ayn\u0131 y\u00f6nde ilerleyen F.G. y\u00f6netimindeki 35 AZE&#8230;<\/p>\n","protected":false},"author":1,"featured_media":95291,"comment_status":"open","ping_status":"open","sticky":false,"template":"","format":"standard","meta":{"_crdt_document":"","footnotes":""},"categories":[5],"tags":[],"class_list":["post-95290","post","type-post","status-publish","format-standard","has-post-thumbnail","hentry","category-asayis"],"_links":{"self":[{"href":"https:\/\/www.egemtv.com\/index.php?rest_route=\/wp\/v2\/posts\/95290","targetHints":{"allow":["GET"]}}],"collection":[{"href":"https:\/\/www.egemtv.com\/index.php?rest_route=\/wp\/v2\/posts"}],"about":[{"href":"https:\/\/www.egemtv.com\/index.php?rest_route=\/wp\/v2\/types\/post"}],"author":[{"embeddable":true,"href":"https:\/\/www.egemtv.com\/index.php?rest_route=\/wp\/v2\/users\/1"}],"replies":[{"embeddable":true,"href":"https:\/\/www.egemtv.com\/index.php?rest_route=%2Fwp%2Fv2%2Fcomments&post=95290"}],"version-history":[{"count":1,"href":"https:\/\/www.egemtv.com\/index.php?rest_route=\/wp\/v2\/posts\/95290\/revisions"}],"predecessor-version":[{"id":95292,"href":"https:\/\/www.egemtv.com\/index.php?rest_route=\/wp\/v2\/posts\/95290\/revisions\/95292"}],"wp:featuredmedia":[{"embeddable":true,"href":"https:\/\/www.egemtv.com\/index.php?rest_route=\/wp\/v2\/media\/95291"}],"wp:attachment":[{"href":"https:\/\/www.egemtv.com\/index.php?rest_route=%2Fwp%2Fv2%2Fmedia&parent=95290"}],"wp:term":[{"taxonomy":"category","embeddable":true,"href":"https:\/\/www.egemtv.com\/index.php?rest_route=%2Fwp%2Fv2%2Fcategories&post=95290"},{"taxonomy":"post_tag","embeddable":true,"href":"https:\/\/www.egemtv.com\/index.php?rest_route=%2Fwp%2Fv2%2Ftags&post=95290"}],"curies":[{"name":"wp","href":"https:\/\/api.w.org\/{rel}","templated":true}]}}