{"id":95287,"date":"2026-03-26T15:05:43","date_gmt":"2026-03-26T12:05:43","guid":{"rendered":"https:\/\/www.egemtv.com\/?p=95287"},"modified":"2026-03-26T15:05:45","modified_gmt":"2026-03-26T12:05:45","slug":"buharkentte-saglikli-beslenmenin-onemine-dikkat-cekildi","status":"publish","type":"post","link":"https:\/\/www.egemtv.com\/?p=95287","title":{"rendered":"Buharkent\u2019te sa\u011fl\u0131kl\u0131 beslenmenin \u00f6nemine dikkat \u00e7ekildi"},"content":{"rendered":"<p>Ayd\u0131n\u2019\u0131n Buharkent il\u00e7esinde d\u00fczenlenen etkinlikte, \u00f6\u011frenci ve velilere sa\u011fl\u0131kl\u0131 beslenmenin \u00f6nemi anlat\u0131l\u0131rken, d\u00fczenlenen yar\u0131\u015fmalarla da \u00f6\u011frenciler g\u00f6n\u00fcllerince e\u011flendi.<br \/>\n<br \/>D\u00fcnya Obezite G\u00fcn\u00fc kapsam\u0131nda Buharkent il\u00e7esi Gelenbe Ali \u00c7evik \u0130lkokulu\u2019nda fark\u0131ndal\u0131k etkinli\u011fi d\u00fczenlendi. Etkinlikte \u00f6\u011frenci ve velilere sa\u011fl\u0131kl\u0131 ya\u015fam al\u0131\u015fkanl\u0131klar\u0131n\u0131n k\u00fc\u00e7\u00fck ya\u015flardan itibaren kazan\u0131lmas\u0131n\u0131n \u00f6nemi vurguland\u0131. Okul bah\u00e7esinde ger\u00e7ekle\u015ftirilen programda, \u00f6\u011frenciler e\u011flenceli etkinliklerle hareketli ya\u015fam\u0131n \u00f6nemini deneyimlerken, sa\u011fl\u0131kl\u0131 beslenmeye dikkat \u00e7ekildi. Kurulan stantlarda do\u011fal ve sa\u011fl\u0131kl\u0131 g\u0131dalar tan\u0131t\u0131larak dengeli beslenmenin g\u00fcnl\u00fck ya\u015fam \u00fczerindeki etkileri anlat\u0131ld\u0131. Velilerin de yo\u011fun ilgi g\u00f6sterdi\u011fi etkinlikte, obezitenin \u00f6nlenmesinde do\u011fru beslenme al\u0131\u015fkanl\u0131klar\u0131n\u0131n kritik rol oynad\u0131\u011f\u0131 ifade edildi.<br \/>\n<br \/>Etkinli\u011fe kat\u0131lan Buharkent Belediye Ba\u015fkan\u0131 Mehmet Erol da &#8220;Gelenbe Ali \u00c7evik \u0130lkokulu\u2019muzda \u00f6\u011frenci ve velilerimize y\u00f6nelik d\u00fczenlenen fark\u0131ndal\u0131k etkinli\u011fine kat\u0131ld\u0131k. Sa\u011fl\u0131kl\u0131 ya\u015fam bilincinin k\u00fc\u00e7\u00fck ya\u015flardan itibaren kazan\u0131lmas\u0131n\u0131 \u00f6nceleyen bu anlaml\u0131 \u00e7al\u0131\u015fmada eme\u011fi ge\u00e7en herkese te\u015fekk\u00fcr ediyorum&#8221; dedi.<br \/><\/p>\n","protected":false},"excerpt":{"rendered":"<p>Ayd\u0131n\u2019\u0131n Buharkent il\u00e7esinde d\u00fczenlenen etkinlikte, \u00f6\u011frenci ve velilere sa\u011fl\u0131kl\u0131 beslenmenin \u00f6nemi anlat\u0131l\u0131rken, d\u00fczenlenen yar\u0131\u015fmalarla da \u00f6\u011frenciler g\u00f6n\u00fcllerince e\u011flendi. D\u00fcnya Obezite G\u00fcn\u00fc kapsam\u0131nda Buharkent il\u00e7esi Gelenbe Ali \u00c7evik \u0130lkokulu\u2019nda fark\u0131ndal\u0131k etkinli\u011fi d\u00fczenlendi. Etkinlikte \u00f6\u011frenci ve velilere sa\u011fl\u0131kl\u0131 ya\u015fam al\u0131\u015fkanl\u0131klar\u0131n\u0131n k\u00fc\u00e7\u00fck ya\u015flardan itibaren kazan\u0131lmas\u0131n\u0131n \u00f6nemi vurguland\u0131. Okul bah\u00e7esinde ger\u00e7ekle\u015ftirilen programda, \u00f6\u011frenciler e\u011flenceli etkinliklerle hareketli ya\u015fam\u0131n \u00f6nemini deneyimlerken,&#8230;<\/p>\n","protected":false},"author":1,"featured_media":95288,"comment_status":"open","ping_status":"open","sticky":false,"template":"","format":"standard","meta":{"_crdt_document":"","footnotes":""},"categories":[2],"tags":[],"class_list":["post-95287","post","type-post","status-publish","format-standard","has-post-thumbnail","hentry","category-saglik"],"_links":{"self":[{"href":"https:\/\/www.egemtv.com\/index.php?rest_route=\/wp\/v2\/posts\/95287","targetHints":{"allow":["GET"]}}],"collection":[{"href":"https:\/\/www.egemtv.com\/index.php?rest_route=\/wp\/v2\/posts"}],"about":[{"href":"https:\/\/www.egemtv.com\/index.php?rest_route=\/wp\/v2\/types\/post"}],"author":[{"embeddable":true,"href":"https:\/\/www.egemtv.com\/index.php?rest_route=\/wp\/v2\/users\/1"}],"replies":[{"embeddable":true,"href":"https:\/\/www.egemtv.com\/index.php?rest_route=%2Fwp%2Fv2%2Fcomments&post=95287"}],"version-history":[{"count":1,"href":"https:\/\/www.egemtv.com\/index.php?rest_route=\/wp\/v2\/posts\/95287\/revisions"}],"predecessor-version":[{"id":95289,"href":"https:\/\/www.egemtv.com\/index.php?rest_route=\/wp\/v2\/posts\/95287\/revisions\/95289"}],"wp:featuredmedia":[{"embeddable":true,"href":"https:\/\/www.egemtv.com\/index.php?rest_route=\/wp\/v2\/media\/95288"}],"wp:attachment":[{"href":"https:\/\/www.egemtv.com\/index.php?rest_route=%2Fwp%2Fv2%2Fmedia&parent=95287"}],"wp:term":[{"taxonomy":"category","embeddable":true,"href":"https:\/\/www.egemtv.com\/index.php?rest_route=%2Fwp%2Fv2%2Fcategories&post=95287"},{"taxonomy":"post_tag","embeddable":true,"href":"https:\/\/www.egemtv.com\/index.php?rest_route=%2Fwp%2Fv2%2Ftags&post=95287"}],"curies":[{"name":"wp","href":"https:\/\/api.w.org\/{rel}","templated":true}]}}