{"id":95220,"date":"2026-03-26T09:50:56","date_gmt":"2026-03-26T06:50:56","guid":{"rendered":"https:\/\/www.egemtv.com\/?p=95220"},"modified":"2026-03-26T09:50:58","modified_gmt":"2026-03-26T06:50:58","slug":"baskan-tatiktan-pinarlik-mahallesine-yeni-sosyal-tesis-mujdesi","status":"publish","type":"post","link":"https:\/\/www.egemtv.com\/?p=95220","title":{"rendered":"Ba\u015fkan Tat\u0131k\u2019tan P\u0131narl\u0131k Mahallesine yeni sosyal tesis m\u00fcjdesi"},"content":{"rendered":"<p>Tavas Belediye Ba\u015fkan\u0131 Kadir Tat\u0131k, P\u0131narl\u0131k Mahallesi\u2019nde bulunan 2.612,51 metrekarelik ta\u015f\u0131nmaz\u0131n sosyal tesis olarak kullan\u0131lmak \u00fczere Mustafa Kemal Aykurt taraf\u0131ndan belediyeye hibe edildi\u011fini a\u00e7\u0131klad\u0131.<\/p>\n<p>Tavas Belediye Ba\u015fkan\u0131 Kadir Tat\u0131k, il\u00e7eye kazand\u0131r\u0131lacak yeni bir sosyal tesisin m\u00fcjdesini verdi. Tat\u0131k, Tavas\u2019\u0131n P\u0131narl\u0131k Mahallesi 178 ada 23 parselde yer alan ve 2.612,51 metrekare y\u00fcz\u00f6l\u00e7\u00fcm\u00fcne sahip ta\u015f\u0131nmaz\u0131n belediyeye hibe edildi\u011fini duyurdu.<br \/>\n<br \/>S\u00f6z konusu ta\u015f\u0131nmaz\u0131n, belediye hizmetlerinde kullan\u0131lmak \u00fczere sosyal tesis olarak de\u011ferlendirilece\u011fini belirten Ba\u015fkan Tat\u0131k, ba\u011f\u0131\u015f\u0131n \u00f6nceki d\u00f6nem milletvekili Mustafa Kemal Aykurt taraf\u0131ndan ger\u00e7ekle\u015ftirildi\u011fini ifade etti.<\/p>\n<p>Ba\u015fkan Tat\u0131k a\u00e7\u0131klamas\u0131nda, &#8220;Bu k\u0131ymetli katk\u0131lar\u0131ndan dolay\u0131 kendilerine te\u015fekk\u00fcr ediyor, yap\u0131lacak sosyal tesisin Tavas\u2019\u0131m\u0131za hay\u0131rl\u0131 olmas\u0131n\u0131 diliyorum&#8221; dedi.<br \/>\n<br \/>Yeni sosyal tesisin, vatanda\u015flar\u0131n sosyal ve k\u00fclt\u00fcrel ihtiya\u00e7lar\u0131na katk\u0131 sunmas\u0131 bekleniyor.<br \/><\/p>\n","protected":false},"excerpt":{"rendered":"<p>Tavas Belediye Ba\u015fkan\u0131 Kadir Tat\u0131k, P\u0131narl\u0131k Mahallesi\u2019nde bulunan 2.612,51 metrekarelik ta\u015f\u0131nmaz\u0131n sosyal tesis olarak kullan\u0131lmak \u00fczere Mustafa Kemal Aykurt taraf\u0131ndan belediyeye hibe edildi\u011fini a\u00e7\u0131klad\u0131. Tavas Belediye Ba\u015fkan\u0131 Kadir Tat\u0131k, il\u00e7eye kazand\u0131r\u0131lacak yeni bir sosyal tesisin m\u00fcjdesini verdi. Tat\u0131k, Tavas\u2019\u0131n P\u0131narl\u0131k Mahallesi 178 ada 23 parselde yer alan ve 2.612,51 metrekare y\u00fcz\u00f6l\u00e7\u00fcm\u00fcne sahip ta\u015f\u0131nmaz\u0131n belediyeye hibe&#8230;<\/p>\n","protected":false},"author":1,"featured_media":95221,"comment_status":"open","ping_status":"open","sticky":false,"template":"","format":"standard","meta":{"_crdt_document":"","footnotes":""},"categories":[1],"tags":[],"class_list":["post-95220","post","type-post","status-publish","format-standard","has-post-thumbnail","hentry","category-guncel"],"_links":{"self":[{"href":"https:\/\/www.egemtv.com\/index.php?rest_route=\/wp\/v2\/posts\/95220","targetHints":{"allow":["GET"]}}],"collection":[{"href":"https:\/\/www.egemtv.com\/index.php?rest_route=\/wp\/v2\/posts"}],"about":[{"href":"https:\/\/www.egemtv.com\/index.php?rest_route=\/wp\/v2\/types\/post"}],"author":[{"embeddable":true,"href":"https:\/\/www.egemtv.com\/index.php?rest_route=\/wp\/v2\/users\/1"}],"replies":[{"embeddable":true,"href":"https:\/\/www.egemtv.com\/index.php?rest_route=%2Fwp%2Fv2%2Fcomments&post=95220"}],"version-history":[{"count":1,"href":"https:\/\/www.egemtv.com\/index.php?rest_route=\/wp\/v2\/posts\/95220\/revisions"}],"predecessor-version":[{"id":95225,"href":"https:\/\/www.egemtv.com\/index.php?rest_route=\/wp\/v2\/posts\/95220\/revisions\/95225"}],"wp:featuredmedia":[{"embeddable":true,"href":"https:\/\/www.egemtv.com\/index.php?rest_route=\/wp\/v2\/media\/95221"}],"wp:attachment":[{"href":"https:\/\/www.egemtv.com\/index.php?rest_route=%2Fwp%2Fv2%2Fmedia&parent=95220"}],"wp:term":[{"taxonomy":"category","embeddable":true,"href":"https:\/\/www.egemtv.com\/index.php?rest_route=%2Fwp%2Fv2%2Fcategories&post=95220"},{"taxonomy":"post_tag","embeddable":true,"href":"https:\/\/www.egemtv.com\/index.php?rest_route=%2Fwp%2Fv2%2Ftags&post=95220"}],"curies":[{"name":"wp","href":"https:\/\/api.w.org\/{rel}","templated":true}]}}