{"id":95217,"date":"2026-03-26T09:50:55","date_gmt":"2026-03-26T06:50:55","guid":{"rendered":"https:\/\/www.egemtv.com\/?p=95217"},"modified":"2026-03-26T09:50:57","modified_gmt":"2026-03-26T06:50:57","slug":"manisada-500-yillik-hazireye-saygisizlik","status":"publish","type":"post","link":"https:\/\/www.egemtv.com\/?p=95217","title":{"rendered":"Manisa\u2019da 500 y\u0131ll\u0131k hazireye sayg\u0131s\u0131zl\u0131k"},"content":{"rendered":"<p>Manisa\u2019n\u0131n \u015eehzadeler il\u00e7esinde bulunan ve halk aras\u0131nda Araplar Camii olarak bilinen tarihi H\u00fcsrev A\u011fa Camii Haziresi\u2019ndeki baz\u0131 mezar ta\u015flar\u0131 tahrip edildi. Cami cemaati tarihi mezarlar\u0131n korunmas\u0131 i\u00e7in yetkililere \u00e7a\u011fr\u0131da bulundu.<br \/>\n<br \/>Manisa\u2019n\u0131n \u015eehzadeler il\u00e7esindeki H\u00fcsreva\u011fa Camii Haziresi y\u00fczy\u0131llara meydan okuyarak tarihin sessiz tan\u0131kl\u0131\u011f\u0131n\u0131 s\u00fcrd\u00fcr\u00fcyor. Osmanl\u0131 zaman\u0131nda II. Selim\u2019in Manisa\u2019daki sancakbeyli\u011fi s\u0131ras\u0131nda Dar\u00fcssaade (Harem) a\u011fas\u0131 olarak g\u00f6rev yapan Afrika k\u00f6kenli H\u00fcsrev A\u011fa taraf\u0131ndan 1554 y\u0131l\u0131nda k\u00fclliye halinde yapt\u0131r\u0131lan ve halk aras\u0131nda Araplar Camii olarak bilinen H\u00fcsrev A\u011fa Camii\u2019nin haziresindeki baz\u0131 mezar ta\u015flar\u0131 kendini bilmez ki\u015fi veya ki\u015filerce tahrip edildi. Y\u0131llar \u00f6nce de bir\u00e7ok kez sald\u0131r\u0131ya u\u011frayan mezar ta\u015flar\u0131 her seferinde onar\u0131l\u0131p korunurken, cami cemaati yap\u0131lan sayg\u0131s\u0131zl\u0131\u011f\u0131n kusurunun olmad\u0131\u011f\u0131n\u0131 s\u00f6yledi.<br \/>\n<br \/>Daha \u00f6nceki y\u0131llarda hazire i\u00e7erisinde yer alan ve 1615 y\u0131l\u0131nda 3. Murat Devri pa\u015falar\u0131ndan Han\u0131m O\u011flu Yani Pa\u015fa taraf\u0131ndan k\u0131z\u0131 i\u00e7in yapt\u0131r\u0131lan Pa\u015fa K\u0131z\u0131 T\u00fcrbesinin i\u00e7inde yer alan Yani Pa\u015fa\u2019ya ait mermer lahidin 1 tonluk kapa\u011f\u0131n\u0131 kald\u0131rarak i\u00e7ini kazan define avc\u0131lar\u0131 di\u011fer mezarlar\u0131 da alttan kazmaya \u00e7al\u0131\u015farak define aram\u0131\u015ft\u0131. Kuruyan otlara at\u0131lan bir izmaritin \u00e7\u0131kard\u0131\u011f\u0131 yang\u0131n sonucunda da bir\u00e7ok mezar ta\u015f\u0131 siyah renge b\u00fcr\u00fcnm\u00fc\u015ft\u00fc. Son olarak ise baz\u0131 ki\u015filerin mezar ta\u015flar\u0131na ta\u015f atarak zarar verdi\u011fi iddia edildi.<br \/>\n<br \/>Yakla\u015f\u0131k 15 y\u0131ld\u0131r caminin m\u00fcdavimi oldu\u011funu s\u00f6yleyen 82 ya\u015f\u0131ndaki Mahmut Ak, ecdat yadigar\u0131 mezarlara sahip \u00e7\u0131k\u0131lmas\u0131 gerekti\u011fini belirterek, &#8220;Ben buran\u0131n hemen hemen 15 y\u0131ld\u0131r m\u00fcdavimiyim. Her g\u00fcn buradan ge\u00e7erken \u00fc\u00e7 \u0130hlas bir Fatiha okurum buradaki yatan M\u00fcsl\u00fcman din karde\u015flerimize. Ama buran\u0131n ge\u00e7mi\u015fini, 16 ya\u015f\u0131ndan beri bilirim. Bu kabristan\u0131n bu \u015fekilde olmas\u0131 mant\u0131k d\u0131\u015f\u0131 bir durum. \u0130nsanl\u0131\u011fa ayk\u0131r\u0131 bir \u015fey. Burada berdu\u015flar \u00e7ok&#8221; dedi.<br \/>\n<br \/>\u00dc\u00e7 y\u0131ld\u0131r camide tuvalet g\u00f6revlisi olarak \u00e7al\u0131\u015ft\u0131\u011f\u0131n\u0131 belirten Hasan H\u00fcseyin Sar\u0131da\u011f ise baz\u0131 ki\u015filerin hazirede s\u00fcrekli sorun \u00e7\u0131kard\u0131\u011f\u0131n\u0131 ifade ederek, &#8220;Buraya tinerciler ve sarho\u015flar geliyor. 3-5 tane s\u00f6z anlamayan \u00e7ocuk var, bana 2-3 sefer b\u0131\u00e7ak \u00e7ektiler. Kollad\u0131m kendimi sonra polisi \u00e7a\u011f\u0131rd\u0131m. Polisin eline verdim. Bunlar\u0131n ya\u015f\u0131 tutmuyor diye bir \u015fey yap\u0131lmad\u0131. Benim tuvaletin camlar\u0131n\u0131 k\u0131rd\u0131lar. Babas\u0131 ve anas\u0131na da s\u00f6yledim, yine laf dinlemiyorlar. Ge\u00e7enlerde polisler geldi. \u00c7ocuklar\u0131 toplad\u0131 gitti. Hocay\u0131 da beni de ald\u0131 gitti. Biz ifademizi verdik&#8221; \u015feklinde konu\u015ftu.<br \/>\n<br \/>Tahrip edilen mezar ta\u015flar\u0131n\u0131n ve sandukalar\u0131n daha evvel belediye taraf\u0131ndan onar\u0131ld\u0131\u011f\u0131n\u0131 kaydeden Sar\u0131da\u011f, &#8220;A\u015fa\u011f\u0131 yukar\u0131 5-10 senedir b\u00f6yle k\u0131r\u0131k, \u00e7atlak buralar. Mezar ta\u015flar\u0131n\u0131n \u00e7ocuklar bir ka\u00e7 tanesini k\u0131rd\u0131. Polisler o \u00e7ocuklar\u0131 toplad\u0131, gitti. \u2019Ya\u015f\u0131 tutmuyor bunlara bir \u015fey yapamay\u0131z\u2019 dediler. Belediyenin Park Bah\u00e7e \u0130\u015fleri M\u00fcd\u00fcrl\u00fc\u011f\u00fc ile g\u00f6r\u00fc\u015ft\u00fcm \u2019bayram sonu gelir temizleriz\u2019 dediler. Her sene belediyeden bah\u00e7e temizlemesi i\u00e7in geliyorlar zaten. Her sene gelip uzayan otlar\u0131 bi\u00e7ip temizli\u011fini yaparak gidiyorlar&#8221; dedi.<br \/><\/p>\n","protected":false},"excerpt":{"rendered":"<p>Manisa\u2019n\u0131n \u015eehzadeler il\u00e7esinde bulunan ve halk aras\u0131nda Araplar Camii olarak bilinen tarihi H\u00fcsrev A\u011fa Camii Haziresi\u2019ndeki baz\u0131 mezar ta\u015flar\u0131 tahrip edildi. Cami cemaati tarihi mezarlar\u0131n korunmas\u0131 i\u00e7in yetkililere \u00e7a\u011fr\u0131da bulundu. Manisa\u2019n\u0131n \u015eehzadeler il\u00e7esindeki H\u00fcsreva\u011fa Camii Haziresi y\u00fczy\u0131llara meydan okuyarak tarihin sessiz tan\u0131kl\u0131\u011f\u0131n\u0131 s\u00fcrd\u00fcr\u00fcyor. Osmanl\u0131 zaman\u0131nda II. Selim\u2019in Manisa\u2019daki sancakbeyli\u011fi s\u0131ras\u0131nda Dar\u00fcssaade (Harem) a\u011fas\u0131 olarak g\u00f6rev&#8230;<\/p>\n","protected":false},"author":1,"featured_media":95218,"comment_status":"open","ping_status":"open","sticky":false,"template":"","format":"standard","meta":{"_crdt_document":"","footnotes":""},"categories":[1],"tags":[],"class_list":["post-95217","post","type-post","status-publish","format-standard","has-post-thumbnail","hentry","category-guncel"],"_links":{"self":[{"href":"https:\/\/www.egemtv.com\/index.php?rest_route=\/wp\/v2\/posts\/95217","targetHints":{"allow":["GET"]}}],"collection":[{"href":"https:\/\/www.egemtv.com\/index.php?rest_route=\/wp\/v2\/posts"}],"about":[{"href":"https:\/\/www.egemtv.com\/index.php?rest_route=\/wp\/v2\/types\/post"}],"author":[{"embeddable":true,"href":"https:\/\/www.egemtv.com\/index.php?rest_route=\/wp\/v2\/users\/1"}],"replies":[{"embeddable":true,"href":"https:\/\/www.egemtv.com\/index.php?rest_route=%2Fwp%2Fv2%2Fcomments&post=95217"}],"version-history":[{"count":1,"href":"https:\/\/www.egemtv.com\/index.php?rest_route=\/wp\/v2\/posts\/95217\/revisions"}],"predecessor-version":[{"id":95222,"href":"https:\/\/www.egemtv.com\/index.php?rest_route=\/wp\/v2\/posts\/95217\/revisions\/95222"}],"wp:featuredmedia":[{"embeddable":true,"href":"https:\/\/www.egemtv.com\/index.php?rest_route=\/wp\/v2\/media\/95218"}],"wp:attachment":[{"href":"https:\/\/www.egemtv.com\/index.php?rest_route=%2Fwp%2Fv2%2Fmedia&parent=95217"}],"wp:term":[{"taxonomy":"category","embeddable":true,"href":"https:\/\/www.egemtv.com\/index.php?rest_route=%2Fwp%2Fv2%2Fcategories&post=95217"},{"taxonomy":"post_tag","embeddable":true,"href":"https:\/\/www.egemtv.com\/index.php?rest_route=%2Fwp%2Fv2%2Ftags&post=95217"}],"curies":[{"name":"wp","href":"https:\/\/api.w.org\/{rel}","templated":true}]}}