{"id":95213,"date":"2026-03-26T09:50:54","date_gmt":"2026-03-26T06:50:54","guid":{"rendered":"https:\/\/www.egemtv.com\/?p=95213"},"modified":"2026-03-26T09:50:55","modified_gmt":"2026-03-26T06:50:55","slug":"nazilli-devlet-hastanesinden-tuberkuloza-karsi-erken-teshis-uyarisi","status":"publish","type":"post","link":"https:\/\/www.egemtv.com\/?p=95213","title":{"rendered":"Nazilli Devlet Hastanesi\u2019nden t\u00fcberk\u00fcloza kar\u015f\u0131 erken te\u015fhis uyar\u0131s\u0131"},"content":{"rendered":"<p>Ayd\u0131n\u2019\u0131n Nazilli il\u00e7esinde Verem (T\u00fcberk\u00fcloz) Haftas\u0131 kapsam\u0131nda Nazilli Devlet Hastanesi\u2019nde vatanda\u015flar\u0131 bilin\u00e7lendirmek amac\u0131yla bilgilendirme stand\u0131 kuruldu.<\/p>\n<p>Nazilli Devlet Hastanesi giri\u015finde a\u00e7\u0131lan stantta, t\u00fcberk\u00fcloz hastal\u0131\u011f\u0131na ili\u015fkin bro\u015f\u00fcrler da\u011f\u0131t\u0131larak vatanda\u015flara hastal\u0131\u011f\u0131n bula\u015fma yollar\u0131, belirtileri, korunma y\u00f6ntemleri ve tedavi s\u00fcreci hakk\u0131nda bilgi verildi. Sa\u011fl\u0131k personelleri taraf\u0131ndan ger\u00e7ekle\u015ftirilen \u00e7al\u0131\u015fmada, erken te\u015fhisin ve d\u00fczenli tedavinin \u00f6nemine dikkat \u00e7ekilirken, t\u00fcberk\u00fclozun tedavi edilebilir bir hastal\u0131k oldu\u011fu vurguland\u0131. Ayr\u0131ca hastal\u0131\u011f\u0131n toplum sa\u011fl\u0131\u011f\u0131 a\u00e7\u0131s\u0131ndan olu\u015fturabilece\u011fi risklere kar\u015f\u0131 al\u0131nmas\u0131 gereken \u00f6nlemler konusunda da vatanda\u015flar bilgilendirildi. Nazilli Devlet Hastanesi yetkilileri, toplum sa\u011fl\u0131\u011f\u0131n\u0131n korunmas\u0131na y\u00f6nelik fark\u0131ndal\u0131k \u00e7al\u0131\u015fmalar\u0131n\u0131n devam edece\u011fini belirterek, vatanda\u015flara d\u00fczenli sa\u011fl\u0131k kontrollerini ihmal etmemeleri \u00e7a\u011fr\u0131s\u0131nda bulundu.<br \/><\/p>\n","protected":false},"excerpt":{"rendered":"<p>Ayd\u0131n\u2019\u0131n Nazilli il\u00e7esinde Verem (T\u00fcberk\u00fcloz) Haftas\u0131 kapsam\u0131nda Nazilli Devlet Hastanesi\u2019nde vatanda\u015flar\u0131 bilin\u00e7lendirmek amac\u0131yla bilgilendirme stand\u0131 kuruldu. Nazilli Devlet Hastanesi giri\u015finde a\u00e7\u0131lan stantta, t\u00fcberk\u00fcloz hastal\u0131\u011f\u0131na ili\u015fkin bro\u015f\u00fcrler da\u011f\u0131t\u0131larak vatanda\u015flara hastal\u0131\u011f\u0131n bula\u015fma yollar\u0131, belirtileri, korunma y\u00f6ntemleri ve tedavi s\u00fcreci hakk\u0131nda bilgi verildi. Sa\u011fl\u0131k personelleri taraf\u0131ndan ger\u00e7ekle\u015ftirilen \u00e7al\u0131\u015fmada, erken te\u015fhisin ve d\u00fczenli tedavinin \u00f6nemine dikkat \u00e7ekilirken, t\u00fcberk\u00fclozun tedavi&#8230;<\/p>\n","protected":false},"author":1,"featured_media":95215,"comment_status":"open","ping_status":"open","sticky":false,"template":"","format":"standard","meta":{"_crdt_document":"","footnotes":""},"categories":[1],"tags":[],"class_list":["post-95213","post","type-post","status-publish","format-standard","has-post-thumbnail","hentry","category-guncel"],"_links":{"self":[{"href":"https:\/\/www.egemtv.com\/index.php?rest_route=\/wp\/v2\/posts\/95213","targetHints":{"allow":["GET"]}}],"collection":[{"href":"https:\/\/www.egemtv.com\/index.php?rest_route=\/wp\/v2\/posts"}],"about":[{"href":"https:\/\/www.egemtv.com\/index.php?rest_route=\/wp\/v2\/types\/post"}],"author":[{"embeddable":true,"href":"https:\/\/www.egemtv.com\/index.php?rest_route=\/wp\/v2\/users\/1"}],"replies":[{"embeddable":true,"href":"https:\/\/www.egemtv.com\/index.php?rest_route=%2Fwp%2Fv2%2Fcomments&post=95213"}],"version-history":[{"count":1,"href":"https:\/\/www.egemtv.com\/index.php?rest_route=\/wp\/v2\/posts\/95213\/revisions"}],"predecessor-version":[{"id":95216,"href":"https:\/\/www.egemtv.com\/index.php?rest_route=\/wp\/v2\/posts\/95213\/revisions\/95216"}],"wp:featuredmedia":[{"embeddable":true,"href":"https:\/\/www.egemtv.com\/index.php?rest_route=\/wp\/v2\/media\/95215"}],"wp:attachment":[{"href":"https:\/\/www.egemtv.com\/index.php?rest_route=%2Fwp%2Fv2%2Fmedia&parent=95213"}],"wp:term":[{"taxonomy":"category","embeddable":true,"href":"https:\/\/www.egemtv.com\/index.php?rest_route=%2Fwp%2Fv2%2Fcategories&post=95213"},{"taxonomy":"post_tag","embeddable":true,"href":"https:\/\/www.egemtv.com\/index.php?rest_route=%2Fwp%2Fv2%2Ftags&post=95213"}],"curies":[{"name":"wp","href":"https:\/\/api.w.org\/{rel}","templated":true}]}}