{"id":95212,"date":"2026-03-26T09:50:54","date_gmt":"2026-03-26T06:50:54","guid":{"rendered":"https:\/\/www.egemtv.com\/?p=95212"},"modified":"2026-03-26T09:50:56","modified_gmt":"2026-03-26T06:50:56","slug":"koycegizde-arac-yangini","status":"publish","type":"post","link":"https:\/\/www.egemtv.com\/?p=95212","title":{"rendered":"K\u00f6yce\u011fiz\u2019de ara\u00e7 yang\u0131n\u0131"},"content":{"rendered":"<p>Mu\u011fla\u2019n\u0131n K\u00f6yce\u011fiz il\u00e7esine ba\u011fl\u0131 Ulucami Mahallesi\u2019nde, Denizcilik Lisesi arkas\u0131nda park halindeki bir ara\u00e7ta yang\u0131n \u00e7\u0131kt\u0131. 112 Acil \u00c7a\u011fr\u0131 Merkezine yap\u0131lan ihbar \u00fczerine olay yerine sevk edilen ekipler, arac\u0131 alevler i\u00e7erisinde buldu.<br \/>\n<br \/>\u0130tfaiye ekiplerinin h\u0131zl\u0131 m\u00fcdahalesiyle yang\u0131n kontrol alt\u0131na al\u0131narak s\u00f6nd\u00fcr\u00fcld\u00fc. Ard\u0131ndan b\u00f6lgede so\u011futma \u00e7al\u0131\u015fmalar\u0131 ger\u00e7ekle\u015ftirildi. Yang\u0131n sonucu arac\u0131n motor k\u0131sm\u0131n\u0131n tamamen yand\u0131\u011f\u0131, \u00f6n cam ve \u00f6n konsol b\u00f6l\u00fcm\u00fcn\u00fcn ise k\u0131smen zarar g\u00f6rd\u00fc\u011f\u00fc a\u00e7\u0131kland\u0131. Yang\u0131n\u0131n \u00e7\u0131k\u0131\u015f nedeni ile ilgili inceleme ba\u015flat\u0131ld\u0131.<br \/><\/p>\n","protected":false},"excerpt":{"rendered":"<p>Mu\u011fla\u2019n\u0131n K\u00f6yce\u011fiz il\u00e7esine ba\u011fl\u0131 Ulucami Mahallesi\u2019nde, Denizcilik Lisesi arkas\u0131nda park halindeki bir ara\u00e7ta yang\u0131n \u00e7\u0131kt\u0131. 112 Acil \u00c7a\u011fr\u0131 Merkezine yap\u0131lan ihbar \u00fczerine olay yerine sevk edilen ekipler, arac\u0131 alevler i\u00e7erisinde buldu. \u0130tfaiye ekiplerinin h\u0131zl\u0131 m\u00fcdahalesiyle yang\u0131n kontrol alt\u0131na al\u0131narak s\u00f6nd\u00fcr\u00fcld\u00fc. Ard\u0131ndan b\u00f6lgede so\u011futma \u00e7al\u0131\u015fmalar\u0131 ger\u00e7ekle\u015ftirildi. Yang\u0131n sonucu arac\u0131n motor k\u0131sm\u0131n\u0131n tamamen yand\u0131\u011f\u0131, \u00f6n cam ve&#8230;<\/p>\n","protected":false},"author":1,"featured_media":95214,"comment_status":"open","ping_status":"open","sticky":false,"template":"","format":"standard","meta":{"_crdt_document":"","footnotes":""},"categories":[5],"tags":[],"class_list":["post-95212","post","type-post","status-publish","format-standard","has-post-thumbnail","hentry","category-asayis"],"_links":{"self":[{"href":"https:\/\/www.egemtv.com\/index.php?rest_route=\/wp\/v2\/posts\/95212","targetHints":{"allow":["GET"]}}],"collection":[{"href":"https:\/\/www.egemtv.com\/index.php?rest_route=\/wp\/v2\/posts"}],"about":[{"href":"https:\/\/www.egemtv.com\/index.php?rest_route=\/wp\/v2\/types\/post"}],"author":[{"embeddable":true,"href":"https:\/\/www.egemtv.com\/index.php?rest_route=\/wp\/v2\/users\/1"}],"replies":[{"embeddable":true,"href":"https:\/\/www.egemtv.com\/index.php?rest_route=%2Fwp%2Fv2%2Fcomments&post=95212"}],"version-history":[{"count":1,"href":"https:\/\/www.egemtv.com\/index.php?rest_route=\/wp\/v2\/posts\/95212\/revisions"}],"predecessor-version":[{"id":95219,"href":"https:\/\/www.egemtv.com\/index.php?rest_route=\/wp\/v2\/posts\/95212\/revisions\/95219"}],"wp:featuredmedia":[{"embeddable":true,"href":"https:\/\/www.egemtv.com\/index.php?rest_route=\/wp\/v2\/media\/95214"}],"wp:attachment":[{"href":"https:\/\/www.egemtv.com\/index.php?rest_route=%2Fwp%2Fv2%2Fmedia&parent=95212"}],"wp:term":[{"taxonomy":"category","embeddable":true,"href":"https:\/\/www.egemtv.com\/index.php?rest_route=%2Fwp%2Fv2%2Fcategories&post=95212"},{"taxonomy":"post_tag","embeddable":true,"href":"https:\/\/www.egemtv.com\/index.php?rest_route=%2Fwp%2Fv2%2Ftags&post=95212"}],"curies":[{"name":"wp","href":"https:\/\/api.w.org\/{rel}","templated":true}]}}