{"id":95164,"date":"2026-03-25T14:35:45","date_gmt":"2026-03-25T11:35:45","guid":{"rendered":"https:\/\/www.egemtv.com\/?p=95164"},"modified":"2026-03-25T14:35:46","modified_gmt":"2026-03-25T11:35:46","slug":"efeler-belediyesi-yol-calismalarini-surduruyor","status":"publish","type":"post","link":"https:\/\/www.egemtv.com\/?p=95164","title":{"rendered":"Efeler Belediyesi yol \u00e7al\u0131\u015fmalar\u0131n\u0131 s\u00fcrd\u00fcr\u00fcyor"},"content":{"rendered":"<p>Efeler Belediyesi, mahalle sakinlerinin ula\u015f\u0131m konforunu art\u0131rmak i\u00e7in i\u015f makineleriyle sahaya indi.<br \/>\n<br \/>Efeler Belediye Ba\u015fkan\u0131 An\u0131l Yeti\u015fkin\u2019in \u00f6nc\u00fcl\u00fc\u011f\u00fcnde \u00e7al\u0131\u015fmalar\u0131na devam eden Fen \u0130\u015fleri M\u00fcd\u00fcrl\u00fc\u011f\u00fc ekipleri, il\u00e7e genelinde kapsaml\u0131 bir yol tesviye, temizlik ve geni\u015fletme \u00e7al\u0131\u015fmas\u0131 y\u00fcr\u00fct\u00fcyor. Kent merkezinden en uzak k\u0131rsal mahallelere kadar uzanan hizmet eliyle, hem tar\u0131msal faaliyetlerin kolayla\u015ft\u0131r\u0131lmas\u0131 hem de vatanda\u015flar\u0131n g\u00fcvenli ula\u015f\u0131m\u0131 hedefleniyor.<br \/>\n<br \/>Belediye ekipleri, belirlenen program dahilinde kentin pek \u00e7ok noktas\u0131nda hummal\u0131 bir \u00e7al\u0131\u015fma ger\u00e7ekle\u015ftiriyor. Bu kapsamda; A\u015fa\u011f\u0131 Kayac\u0131k, G\u00f6lhisar, I\u015f\u0131kl\u0131 ve \u015eahnal\u0131 mahallelerinde yollar\u0131nda tesviye ve temizlik i\u015flemleri yap\u0131ld\u0131. Yukar\u0131 G\u00f6lc\u00fck Mahallesi\u2019nde A\u015f\u0131r\u0131 ya\u011f\u0131\u015flar nedeniyle g\u00f6\u00e7en yolda h\u0131zla tesviye \u00e7al\u0131\u015fmas\u0131 yap\u0131larak yol tekrar g\u00fcvenli hale getirildi. Tepecik Mahallesi 883 Sokak\u2019ta yap\u0131lan d\u00fczenlemelerle \u00e7evre kirlili\u011fi giderildi ve zemin iyile\u015ftirmesi sa\u011fland\u0131. Musluca Mahallesi\u2019nde b\u00f6lgedeki arazi yollar\u0131 sadece temizlenmekle kalmad\u0131, ayn\u0131 zamanda geni\u015fletme \u00e7al\u0131\u015fmalar\u0131yla \u00fcreticilerin kullan\u0131m\u0131na uygun hale getirildi.<br \/>\n<br \/>Mahalle sakinleri, \u00f6zellikle ya\u011f\u0131\u015f sonras\u0131 bozulan yollar\u0131n h\u0131zla onar\u0131lmas\u0131ndan duyduklar\u0131 memnuniyeti dile getirdi. Vatanda\u015flar, geni\u015fletme, tesviye ve temizlik \u00e7al\u0131\u015fmalar\u0131 i\u00e7in Efeler Belediye Ba\u015fkan\u0131 An\u0131l Yeti\u015fkin ve ekiplerine te\u015fekk\u00fcr etti.<br \/><\/p>\n","protected":false},"excerpt":{"rendered":"<p>Efeler Belediyesi, mahalle sakinlerinin ula\u015f\u0131m konforunu art\u0131rmak i\u00e7in i\u015f makineleriyle sahaya indi. Efeler Belediye Ba\u015fkan\u0131 An\u0131l Yeti\u015fkin\u2019in \u00f6nc\u00fcl\u00fc\u011f\u00fcnde \u00e7al\u0131\u015fmalar\u0131na devam eden Fen \u0130\u015fleri M\u00fcd\u00fcrl\u00fc\u011f\u00fc ekipleri, il\u00e7e genelinde kapsaml\u0131 bir yol tesviye, temizlik ve geni\u015fletme \u00e7al\u0131\u015fmas\u0131 y\u00fcr\u00fct\u00fcyor. Kent merkezinden en uzak k\u0131rsal mahallelere kadar uzanan hizmet eliyle, hem tar\u0131msal faaliyetlerin kolayla\u015ft\u0131r\u0131lmas\u0131 hem de vatanda\u015flar\u0131n g\u00fcvenli ula\u015f\u0131m\u0131&#8230;<\/p>\n","protected":false},"author":1,"featured_media":95165,"comment_status":"open","ping_status":"open","sticky":false,"template":"","format":"standard","meta":{"_crdt_document":"","footnotes":""},"categories":[5],"tags":[],"class_list":["post-95164","post","type-post","status-publish","format-standard","has-post-thumbnail","hentry","category-asayis"],"_links":{"self":[{"href":"https:\/\/www.egemtv.com\/index.php?rest_route=\/wp\/v2\/posts\/95164","targetHints":{"allow":["GET"]}}],"collection":[{"href":"https:\/\/www.egemtv.com\/index.php?rest_route=\/wp\/v2\/posts"}],"about":[{"href":"https:\/\/www.egemtv.com\/index.php?rest_route=\/wp\/v2\/types\/post"}],"author":[{"embeddable":true,"href":"https:\/\/www.egemtv.com\/index.php?rest_route=\/wp\/v2\/users\/1"}],"replies":[{"embeddable":true,"href":"https:\/\/www.egemtv.com\/index.php?rest_route=%2Fwp%2Fv2%2Fcomments&post=95164"}],"version-history":[{"count":1,"href":"https:\/\/www.egemtv.com\/index.php?rest_route=\/wp\/v2\/posts\/95164\/revisions"}],"predecessor-version":[{"id":95166,"href":"https:\/\/www.egemtv.com\/index.php?rest_route=\/wp\/v2\/posts\/95164\/revisions\/95166"}],"wp:featuredmedia":[{"embeddable":true,"href":"https:\/\/www.egemtv.com\/index.php?rest_route=\/wp\/v2\/media\/95165"}],"wp:attachment":[{"href":"https:\/\/www.egemtv.com\/index.php?rest_route=%2Fwp%2Fv2%2Fmedia&parent=95164"}],"wp:term":[{"taxonomy":"category","embeddable":true,"href":"https:\/\/www.egemtv.com\/index.php?rest_route=%2Fwp%2Fv2%2Fcategories&post=95164"},{"taxonomy":"post_tag","embeddable":true,"href":"https:\/\/www.egemtv.com\/index.php?rest_route=%2Fwp%2Fv2%2Ftags&post=95164"}],"curies":[{"name":"wp","href":"https:\/\/api.w.org\/{rel}","templated":true}]}}