{"id":95161,"date":"2026-03-25T14:35:43","date_gmt":"2026-03-25T11:35:43","guid":{"rendered":"https:\/\/www.egemtv.com\/?p=95161"},"modified":"2026-03-25T14:35:44","modified_gmt":"2026-03-25T11:35:44","slug":"baklanda-milyonlarca-yillik-deniz-yildizi-fosili-bulundu","status":"publish","type":"post","link":"https:\/\/www.egemtv.com\/?p=95161","title":{"rendered":"Baklan\u2019da milyonlarca y\u0131ll\u0131k deniz y\u0131ld\u0131z\u0131 fosili bulundu"},"content":{"rendered":"<p>Denizli\u2019nin Baklan il\u00e7esinde do\u011fa y\u00fcr\u00fcy\u00fc\u015f\u00fc s\u0131ras\u0131nda bulunan deniz y\u0131ld\u0131z\u0131 fosili, b\u00f6lgenin ge\u00e7mi\u015fte denizle kapl\u0131 oldu\u011funa dair \u00f6nemli ipu\u00e7lar\u0131 sunarken, \u00c7alkebir\u2019in zengin jeolojik tarihi g\u00fcndeme geldi.<br \/>\n<br \/>Denizli\u2019nin Baklan il\u00e7esinde do\u011fa y\u00fcr\u00fcy\u00fc\u015f\u00fc yapan bir vatanda\u015f, milyonlarca y\u0131l \u00f6ncesine ait oldu\u011fu de\u011ferlendirilen deniz y\u0131ld\u0131z\u0131 fosili buldu. Bo\u011fazi\u00e7i Mahallesi Asar Mevkii olarak bilinen da\u011fl\u0131k alanda ke\u015ffedilen fosil, bulan vatanda\u015f taraf\u0131ndan koruma alt\u0131na al\u0131nd\u0131.<br \/>\n<br \/>\u00c7alkebir K\u00fclt\u00fcr Derne\u011fi kurucusu Ahmet Akbay, b\u00f6lgenin yaln\u0131zca k\u00fclt\u00fcrel ve tarihi yap\u0131lar\u0131yla de\u011fil, ayn\u0131 zamanda jeolojik \u00f6zellikleriyle de dikkat \u00e7ekti\u011fini belirtti. Akbay, yeni bulunan deniz y\u0131ld\u0131z\u0131 fosilinin bilimsel a\u00e7\u0131dan b\u00fcy\u00fck \u00f6nem ta\u015f\u0131d\u0131\u011f\u0131n\u0131 vurgulayarak, &#8220;Bu bulgu, \u00c7alkebir\u2019in ge\u00e7mi\u015fine \u0131\u015f\u0131k tutan \u00f6nemli bir kan\u0131t niteli\u011findedir&#8221; dedi.<br \/>\n<br \/>Yap\u0131lan g\u00f6zlem ve de\u011ferlendirmelere g\u00f6re, \u00c7alkebir\u2019in yakla\u015f\u0131k y\u00fcz milyon y\u0131l \u00f6nce deniz alt\u0131nda oldu\u011fu d\u00fc\u015f\u00fcn\u00fcl\u00fcyor. G\u00fcn\u00fcm\u00fczde b\u00f6lgenin en y\u00fcksek noktalar\u0131n\u0131n o d\u00f6nemde deniz i\u00e7inde adac\u0131klar \u015feklinde y\u00fckseldi\u011fi tahmin ediliyor.<br \/>\n<br \/>B\u00f6lgedeki kum tepeleri ve arazi yap\u0131s\u0131n\u0131n, \u00f6zellikle T\u00fcrkmen Y\u00fcz\u00fc istikametinde ge\u00e7mi\u015fte g\u00fc\u00e7l\u00fc su ak\u0131nt\u0131lar\u0131n\u0131n etkili oldu\u011funu g\u00f6sterdi\u011fini ifade eden Akbay, Karacada\u011f\u2019\u0131n da ge\u00e7mi\u015fte daha y\u00fcksek bir konumda bulundu\u011funu, zamanla meydana gelen \u00e7\u00f6kme ve b\u00fcy\u00fck depremler sonucu al\u00e7alm\u0131\u015f olabilece\u011fini belirtti. Ayn\u0131 s\u00fcre\u00e7te s\u0131k\u0131\u015fma hareketleri sonucunda T\u00fcrkmen Y\u00fcz\u00fc\u2019n\u00fcn y\u00fckselerek bug\u00fcnk\u00fc topo\u011frafik yap\u0131s\u0131n\u0131 kazand\u0131\u011f\u0131 de\u011ferlendiriliyor.<br \/>\n<br \/>Eski \u015fehir yolu mevkiinde bulunan dere yata\u011f\u0131n\u0131n, ge\u00e7mi\u015fte b\u00f6lgede var oldu\u011fu d\u00fc\u015f\u00fcn\u00fclen b\u00fcy\u00fck bir g\u00f6l\u00fcn izlerini ta\u015f\u0131d\u0131\u011f\u0131na dikkat \u00e7eken Akbay, \u00e7evrede h\u00e2len g\u00f6r\u00fclebilen k\u00fc\u00e7\u00fck g\u00f6l olu\u015fumlar\u0131n\u0131n da bu g\u00f6r\u00fc\u015f\u00fc destekledi\u011fini ifade etti.<br \/><\/p>\n","protected":false},"excerpt":{"rendered":"<p>Denizli\u2019nin Baklan il\u00e7esinde do\u011fa y\u00fcr\u00fcy\u00fc\u015f\u00fc s\u0131ras\u0131nda bulunan deniz y\u0131ld\u0131z\u0131 fosili, b\u00f6lgenin ge\u00e7mi\u015fte denizle kapl\u0131 oldu\u011funa dair \u00f6nemli ipu\u00e7lar\u0131 sunarken, \u00c7alkebir\u2019in zengin jeolojik tarihi g\u00fcndeme geldi. Denizli\u2019nin Baklan il\u00e7esinde do\u011fa y\u00fcr\u00fcy\u00fc\u015f\u00fc yapan bir vatanda\u015f, milyonlarca y\u0131l \u00f6ncesine ait oldu\u011fu de\u011ferlendirilen deniz y\u0131ld\u0131z\u0131 fosili buldu. Bo\u011fazi\u00e7i Mahallesi Asar Mevkii olarak bilinen da\u011fl\u0131k alanda ke\u015ffedilen fosil, bulan vatanda\u015f&#8230;<\/p>\n","protected":false},"author":1,"featured_media":95162,"comment_status":"open","ping_status":"open","sticky":false,"template":"","format":"standard","meta":{"_crdt_document":"","footnotes":""},"categories":[1],"tags":[],"class_list":["post-95161","post","type-post","status-publish","format-standard","has-post-thumbnail","hentry","category-guncel"],"_links":{"self":[{"href":"https:\/\/www.egemtv.com\/index.php?rest_route=\/wp\/v2\/posts\/95161","targetHints":{"allow":["GET"]}}],"collection":[{"href":"https:\/\/www.egemtv.com\/index.php?rest_route=\/wp\/v2\/posts"}],"about":[{"href":"https:\/\/www.egemtv.com\/index.php?rest_route=\/wp\/v2\/types\/post"}],"author":[{"embeddable":true,"href":"https:\/\/www.egemtv.com\/index.php?rest_route=\/wp\/v2\/users\/1"}],"replies":[{"embeddable":true,"href":"https:\/\/www.egemtv.com\/index.php?rest_route=%2Fwp%2Fv2%2Fcomments&post=95161"}],"version-history":[{"count":1,"href":"https:\/\/www.egemtv.com\/index.php?rest_route=\/wp\/v2\/posts\/95161\/revisions"}],"predecessor-version":[{"id":95163,"href":"https:\/\/www.egemtv.com\/index.php?rest_route=\/wp\/v2\/posts\/95161\/revisions\/95163"}],"wp:featuredmedia":[{"embeddable":true,"href":"https:\/\/www.egemtv.com\/index.php?rest_route=\/wp\/v2\/media\/95162"}],"wp:attachment":[{"href":"https:\/\/www.egemtv.com\/index.php?rest_route=%2Fwp%2Fv2%2Fmedia&parent=95161"}],"wp:term":[{"taxonomy":"category","embeddable":true,"href":"https:\/\/www.egemtv.com\/index.php?rest_route=%2Fwp%2Fv2%2Fcategories&post=95161"},{"taxonomy":"post_tag","embeddable":true,"href":"https:\/\/www.egemtv.com\/index.php?rest_route=%2Fwp%2Fv2%2Ftags&post=95161"}],"curies":[{"name":"wp","href":"https:\/\/api.w.org\/{rel}","templated":true}]}}