{"id":95158,"date":"2026-03-25T14:35:42","date_gmt":"2026-03-25T11:35:42","guid":{"rendered":"https:\/\/www.egemtv.com\/?p=95158"},"modified":"2026-03-25T14:35:43","modified_gmt":"2026-03-25T11:35:43","slug":"merkezefendi-kent-tiyatrosu-kisa-oyunlar-festivali-ile-sanatseverleri-bulusturuyor","status":"publish","type":"post","link":"https:\/\/www.egemtv.com\/?p=95158","title":{"rendered":"Merkezefendi Kent Tiyatrosu K\u0131sa Oyunlar Festivali ile sanatseverleri bulu\u015fturuyor"},"content":{"rendered":"<p>Merkezefendi Kent Tiyatrosu, yazarl\u0131k ve oyunculuk kursiyerlerini ayn\u0131 sahnede bulu\u015fturarak \u00f6zg\u00fcn k\u0131sa oyunlardan olu\u015fan \u00f6zel bir festival program\u0131 haz\u0131rlad\u0131. Kursiyerlerin kaleminden \u00e7\u0131kan metinler, yine kursiyer oyuncular\u0131n yorumuyla sahneye ta\u015f\u0131narak izleyicilerle bulu\u015facak.<br \/>\n<br \/>Merkezefendi Belediyesi K\u0131sa Oyunlar Festivali kapsam\u0131nda d\u00fczenlenen \u2018\u00c7akra \u00c7akmas\u0131\u2019, \u2018Kuyuya D\u00fc\u015fen E\u015fek\u2019, \u2018Ortak K\u00fcme\u2019, \u2018G\u00fcne\u015f Bize G\u00f6z K\u0131rp\u0131yor\u2019 ve \u2018Da\u011f Yolunda\u2019 adl\u0131 k\u0131sa oyunlar, farkl\u0131 temalar\u0131, anlat\u0131m dilleri ve bak\u0131\u015f a\u00e7\u0131lar\u0131yla dikkat \u00e7ekiyor. Her biri ayr\u0131 bir duygu d\u00fcnyas\u0131 sunan bu oyunlar, oyuncular\u0131n sahnedeki enerjisiyle yeniden \u015fekillenerek izleyicilere \u00f6zg\u00fcn bir tiyatro deneyimi ya\u015fatacak. Kursiyerlerin \u00fcretim s\u00fcrecine aktif olarak kat\u0131ld\u0131\u011f\u0131 \u00e7al\u0131\u015fma, hem yeni yazarlar\u0131n hem de yeni oyuncular\u0131n yeti\u015fmesine katk\u0131 sa\u011flamayacak.<br \/>\n<br \/>Festival program\u0131 kapsam\u0131nda \u2018Ortak K\u00fcme\u2019 isimli oyun 26 Mart Per\u015fembe g\u00fcn\u00fc saat 19.30\u2019da, \u2018Da\u011f Yolunda\u2019 isimli yeti\u015fkin oyunu ise ayn\u0131 g\u00fcn saat 20.00\u2019de Merkezefendi K\u00fclt\u00fcr Merkezi\u2019nde sahnelenecek. 28 Mart Cumartesi g\u00fcn\u00fc saat 18.00\u2019de \u2018Kuyuya D\u00fc\u015fen E\u015fek\u2019 ve saat 19.00\u2019da \u2018G\u00fcne\u015f Bize G\u00f6z K\u0131rp\u0131yor\u2019 isimli yeti\u015fkin oyunlar\u0131 yine Merkezefendi K\u00fclt\u00fcr Merkezi\u2019nde izleyiciyle bulu\u015facak.<br \/>\n<br \/>Merkezefendi Kent Tiyatrosu, sanat\u0131n birle\u015ftirici g\u00fcc\u00fcn\u00fc merkeze alan bu t\u00fcr projelerle k\u00fclt\u00fcr ve sanat hayat\u0131na katk\u0131 sunuyor. Kursiyerlerin eme\u011fiyle ortaya \u00e7\u0131kan bu \u00f6zel k\u0131sa oyunlar sanatseverleri bekliyor.<br \/><\/p>\n","protected":false},"excerpt":{"rendered":"<p>Merkezefendi Kent Tiyatrosu, yazarl\u0131k ve oyunculuk kursiyerlerini ayn\u0131 sahnede bulu\u015fturarak \u00f6zg\u00fcn k\u0131sa oyunlardan olu\u015fan \u00f6zel bir festival program\u0131 haz\u0131rlad\u0131. Kursiyerlerin kaleminden \u00e7\u0131kan metinler, yine kursiyer oyuncular\u0131n yorumuyla sahneye ta\u015f\u0131narak izleyicilerle bulu\u015facak. Merkezefendi Belediyesi K\u0131sa Oyunlar Festivali kapsam\u0131nda d\u00fczenlenen \u2018\u00c7akra \u00c7akmas\u0131\u2019, \u2018Kuyuya D\u00fc\u015fen E\u015fek\u2019, \u2018Ortak K\u00fcme\u2019, \u2018G\u00fcne\u015f Bize G\u00f6z K\u0131rp\u0131yor\u2019 ve \u2018Da\u011f Yolunda\u2019 adl\u0131 k\u0131sa oyunlar,&#8230;<\/p>\n","protected":false},"author":1,"featured_media":95159,"comment_status":"open","ping_status":"open","sticky":false,"template":"","format":"standard","meta":{"_crdt_document":"","footnotes":""},"categories":[1],"tags":[],"class_list":["post-95158","post","type-post","status-publish","format-standard","has-post-thumbnail","hentry","category-guncel"],"_links":{"self":[{"href":"https:\/\/www.egemtv.com\/index.php?rest_route=\/wp\/v2\/posts\/95158","targetHints":{"allow":["GET"]}}],"collection":[{"href":"https:\/\/www.egemtv.com\/index.php?rest_route=\/wp\/v2\/posts"}],"about":[{"href":"https:\/\/www.egemtv.com\/index.php?rest_route=\/wp\/v2\/types\/post"}],"author":[{"embeddable":true,"href":"https:\/\/www.egemtv.com\/index.php?rest_route=\/wp\/v2\/users\/1"}],"replies":[{"embeddable":true,"href":"https:\/\/www.egemtv.com\/index.php?rest_route=%2Fwp%2Fv2%2Fcomments&post=95158"}],"version-history":[{"count":1,"href":"https:\/\/www.egemtv.com\/index.php?rest_route=\/wp\/v2\/posts\/95158\/revisions"}],"predecessor-version":[{"id":95160,"href":"https:\/\/www.egemtv.com\/index.php?rest_route=\/wp\/v2\/posts\/95158\/revisions\/95160"}],"wp:featuredmedia":[{"embeddable":true,"href":"https:\/\/www.egemtv.com\/index.php?rest_route=\/wp\/v2\/media\/95159"}],"wp:attachment":[{"href":"https:\/\/www.egemtv.com\/index.php?rest_route=%2Fwp%2Fv2%2Fmedia&parent=95158"}],"wp:term":[{"taxonomy":"category","embeddable":true,"href":"https:\/\/www.egemtv.com\/index.php?rest_route=%2Fwp%2Fv2%2Fcategories&post=95158"},{"taxonomy":"post_tag","embeddable":true,"href":"https:\/\/www.egemtv.com\/index.php?rest_route=%2Fwp%2Fv2%2Ftags&post=95158"}],"curies":[{"name":"wp","href":"https:\/\/api.w.org\/{rel}","templated":true}]}}