{"id":95155,"date":"2026-03-25T14:35:40","date_gmt":"2026-03-25T11:35:40","guid":{"rendered":"https:\/\/www.egemtv.com\/?p=95155"},"modified":"2026-03-25T14:35:42","modified_gmt":"2026-03-25T11:35:42","slug":"sultanhisarda-yaslilara-saygi-haftasi-programi-duzenlendi","status":"publish","type":"post","link":"https:\/\/www.egemtv.com\/?p=95155","title":{"rendered":"Sultanhisar\u2019da Ya\u015fl\u0131lara Sayg\u0131 Haftas\u0131 program\u0131 d\u00fczenlendi"},"content":{"rendered":"<p>Ayd\u0131n\u2019\u0131n Sultanhisar il\u00e7esinde Ya\u015fl\u0131lara Sayg\u0131 Haftas\u0131 kapsam\u0131nda Sultanhisar Huzurevi\u2019nde program d\u00fczenlenirken, Kaymakam Ali Ekber Ate\u015f ya\u015fl\u0131 bireylerle ile bir araya geldi.<\/p>\n<p>Ya\u015fl\u0131lara Sayg\u0131 Haftas\u0131 kapsam\u0131nda d\u00fczenlenen programda, ya\u015fl\u0131 bireylerin toplumdaki yeri ve ta\u015f\u0131d\u0131klar\u0131 de\u011fer bir kez daha hat\u0131rlat\u0131ld\u0131. Etkinlikte b\u00fcy\u00fcklerin tecr\u00fcbe ve birikimlerinin gelecek nesillere aktar\u0131lmas\u0131n\u0131n \u00f6nemine dikkat \u00e7ekildi. Program \u00e7er\u00e7evesinde huzurevi sakinlerine y\u00f6nelik \u00e7e\u015fitli ikramlarda bulunulurken, ya\u015fl\u0131 bireylerin yaln\u0131z olmad\u0131klar\u0131n\u0131n hissettirilmesi ve sosyal hayata daha aktif kat\u0131l\u0131mlar\u0131n\u0131n desteklenmesi gerekti\u011fi vurguland\u0131. G\u00fcn\u00fcn anlam ve \u00f6nemine ili\u015fkin yap\u0131lan de\u011ferlendirmelerde ya\u015fl\u0131lara y\u00f6nelik sevgi, sayg\u0131 ve vefa duygular\u0131n\u0131n sadece belirli g\u00fcn ve haftalarla s\u0131n\u0131rl\u0131 kalmamas\u0131 gerekti\u011fi ifade eden Sultanhisar Kaymakam\u0131 Ali Ekber Ate\u015f ya\u015fl\u0131 bireylerin hayat tecr\u00fcbeleriyle toplumun \u00f6nemli bir par\u00e7as\u0131 oldu\u011fu belirtilerek, onlar\u0131n ya\u015fam kalitesini art\u0131rmaya y\u00f6nelik \u00e7al\u0131\u015fmalar\u0131n \u00f6nemine dikkat \u00e7ekti. Program, foto\u011fraf\u0131 \u00e7ekilmesiyle sona erdi.<br \/><\/p>\n","protected":false},"excerpt":{"rendered":"<p>Ayd\u0131n\u2019\u0131n Sultanhisar il\u00e7esinde Ya\u015fl\u0131lara Sayg\u0131 Haftas\u0131 kapsam\u0131nda Sultanhisar Huzurevi\u2019nde program d\u00fczenlenirken, Kaymakam Ali Ekber Ate\u015f ya\u015fl\u0131 bireylerle ile bir araya geldi. Ya\u015fl\u0131lara Sayg\u0131 Haftas\u0131 kapsam\u0131nda d\u00fczenlenen programda, ya\u015fl\u0131 bireylerin toplumdaki yeri ve ta\u015f\u0131d\u0131klar\u0131 de\u011fer bir kez daha hat\u0131rlat\u0131ld\u0131. Etkinlikte b\u00fcy\u00fcklerin tecr\u00fcbe ve birikimlerinin gelecek nesillere aktar\u0131lmas\u0131n\u0131n \u00f6nemine dikkat \u00e7ekildi. Program \u00e7er\u00e7evesinde huzurevi sakinlerine y\u00f6nelik \u00e7e\u015fitli&#8230;<\/p>\n","protected":false},"author":1,"featured_media":95156,"comment_status":"open","ping_status":"open","sticky":false,"template":"","format":"standard","meta":{"_crdt_document":"","footnotes":""},"categories":[1],"tags":[],"class_list":["post-95155","post","type-post","status-publish","format-standard","has-post-thumbnail","hentry","category-guncel"],"_links":{"self":[{"href":"https:\/\/www.egemtv.com\/index.php?rest_route=\/wp\/v2\/posts\/95155","targetHints":{"allow":["GET"]}}],"collection":[{"href":"https:\/\/www.egemtv.com\/index.php?rest_route=\/wp\/v2\/posts"}],"about":[{"href":"https:\/\/www.egemtv.com\/index.php?rest_route=\/wp\/v2\/types\/post"}],"author":[{"embeddable":true,"href":"https:\/\/www.egemtv.com\/index.php?rest_route=\/wp\/v2\/users\/1"}],"replies":[{"embeddable":true,"href":"https:\/\/www.egemtv.com\/index.php?rest_route=%2Fwp%2Fv2%2Fcomments&post=95155"}],"version-history":[{"count":1,"href":"https:\/\/www.egemtv.com\/index.php?rest_route=\/wp\/v2\/posts\/95155\/revisions"}],"predecessor-version":[{"id":95157,"href":"https:\/\/www.egemtv.com\/index.php?rest_route=\/wp\/v2\/posts\/95155\/revisions\/95157"}],"wp:featuredmedia":[{"embeddable":true,"href":"https:\/\/www.egemtv.com\/index.php?rest_route=\/wp\/v2\/media\/95156"}],"wp:attachment":[{"href":"https:\/\/www.egemtv.com\/index.php?rest_route=%2Fwp%2Fv2%2Fmedia&parent=95155"}],"wp:term":[{"taxonomy":"category","embeddable":true,"href":"https:\/\/www.egemtv.com\/index.php?rest_route=%2Fwp%2Fv2%2Fcategories&post=95155"},{"taxonomy":"post_tag","embeddable":true,"href":"https:\/\/www.egemtv.com\/index.php?rest_route=%2Fwp%2Fv2%2Ftags&post=95155"}],"curies":[{"name":"wp","href":"https:\/\/api.w.org\/{rel}","templated":true}]}}