{"id":95002,"date":"2026-03-24T08:50:36","date_gmt":"2026-03-24T05:50:36","guid":{"rendered":"https:\/\/www.egemtv.com\/?p=95002"},"modified":"2026-03-24T08:50:37","modified_gmt":"2026-03-24T05:50:37","slug":"sokede-miniklere-yesil-vatan-bilinci-asilaniyor","status":"publish","type":"post","link":"https:\/\/www.egemtv.com\/?p=95002","title":{"rendered":"S\u00f6ke\u2019de miniklere &#8220;Ye\u015fil Vatan&#8221; bilinci a\u015f\u0131lan\u0131yor"},"content":{"rendered":"<p>Ayd\u0131n\u2019\u0131n S\u00f6ke il\u00e7esinde Orman Haftas\u0131\u2019n\u0131n ilk g\u00fcn\u00fcnde, il\u00e7e genelindeki t\u00fcm okullarda \u00f6\u011frencilere orman ve do\u011fa sevgisi anlat\u0131ld\u0131.<\/p>\n<p>Tar\u0131m ve Orman Bakanl\u0131\u011f\u0131 ile Milli E\u011fitim Bakanl\u0131\u011f\u0131 aras\u0131nda y\u00fcr\u00fct\u00fclen &#8220;Ye\u015fil Vatan &#8211; Benim Okulum Gelece\u011fe \u00c7are&#8221; protokol\u00fc kapsam\u0131nda d\u00fczenlenen etkinliklerde, \u00f6\u011frencilerin erken ya\u015fta \u00e7evre bilinci kazanmas\u0131 hedeflendi. Orman Haftas\u0131 boyunca devam edecek faaliyetler \u00e7er\u00e7evesinde S\u00f6ke\u2019de g\u00f6rev yapan orman ekipleri de okullar\u0131 ziyaret ederek \u00f6\u011frencilerle bir araya geldi. Ger\u00e7ekle\u015ftirilen etkinliklerde, ormanlar\u0131n korunmas\u0131, do\u011fa sevgisi ve \u00e7evre duyarl\u0131l\u0131\u011f\u0131 konular\u0131nda bilgilendirmeler yap\u0131ld\u0131. E\u011fitimlerin \u00e7ocuklarda do\u011faya kar\u015f\u0131 fark\u0131ndal\u0131k olu\u015fturmay\u0131 ve gelecek nesillere daha ya\u015fanabilir bir \u00e7evre b\u0131rakmay\u0131 ama\u00e7lad\u0131klar\u0131n\u0131 belirten Mu\u011fla Orman B\u00f6lge M\u00fcd\u00fcrl\u00fc\u011f\u00fc taraf\u0131ndan yap\u0131lan a\u00e7\u0131klamas\u0131nda &#8220;Ayd\u0131n S\u00f6ke\u2019de Orman Haftas\u0131n\u0131n ilk g\u00fcn\u00fcnde t\u00fcm okullarda minik \u00f6\u011frencilere orman ve do\u011fa sevgisi anlat\u0131ld\u0131. Bakanl\u0131\u011f\u0131m\u0131z ve Milli E\u011fitim Bakanl\u0131\u011f\u0131 aras\u0131nda y\u00fcr\u00fct\u00fclen \u2019Ye\u015fil Vatan &#8211; Benim Okulum Gelece\u011fe \u00c7are\u2019 protokol\u00fc kapsam\u0131nda Orman Haftas\u0131 boyunca t\u00fcm okullarda orman sevgisi ve do\u011fa bilincini anlatan faaliyetler ger\u00e7ekle\u015ftiriliyor. S\u00f6ke\u2019de yap\u0131lan etkinliklerde orman ekiplerimiz de okullarda \u00f6\u011frencilerle bir araya geldiler&#8221; ifadeleri yer ald\u0131.<br \/><\/p>\n","protected":false},"excerpt":{"rendered":"<p>Ayd\u0131n\u2019\u0131n S\u00f6ke il\u00e7esinde Orman Haftas\u0131\u2019n\u0131n ilk g\u00fcn\u00fcnde, il\u00e7e genelindeki t\u00fcm okullarda \u00f6\u011frencilere orman ve do\u011fa sevgisi anlat\u0131ld\u0131. Tar\u0131m ve Orman Bakanl\u0131\u011f\u0131 ile Milli E\u011fitim Bakanl\u0131\u011f\u0131 aras\u0131nda y\u00fcr\u00fct\u00fclen &#8220;Ye\u015fil Vatan &#8211; Benim Okulum Gelece\u011fe \u00c7are&#8221; protokol\u00fc kapsam\u0131nda d\u00fczenlenen etkinliklerde, \u00f6\u011frencilerin erken ya\u015fta \u00e7evre bilinci kazanmas\u0131 hedeflendi. Orman Haftas\u0131 boyunca devam edecek faaliyetler \u00e7er\u00e7evesinde S\u00f6ke\u2019de g\u00f6rev yapan&#8230;<\/p>\n","protected":false},"author":1,"featured_media":95003,"comment_status":"open","ping_status":"open","sticky":false,"template":"","format":"standard","meta":{"_crdt_document":"","footnotes":""},"categories":[1],"tags":[],"class_list":["post-95002","post","type-post","status-publish","format-standard","has-post-thumbnail","hentry","category-guncel"],"_links":{"self":[{"href":"https:\/\/www.egemtv.com\/index.php?rest_route=\/wp\/v2\/posts\/95002","targetHints":{"allow":["GET"]}}],"collection":[{"href":"https:\/\/www.egemtv.com\/index.php?rest_route=\/wp\/v2\/posts"}],"about":[{"href":"https:\/\/www.egemtv.com\/index.php?rest_route=\/wp\/v2\/types\/post"}],"author":[{"embeddable":true,"href":"https:\/\/www.egemtv.com\/index.php?rest_route=\/wp\/v2\/users\/1"}],"replies":[{"embeddable":true,"href":"https:\/\/www.egemtv.com\/index.php?rest_route=%2Fwp%2Fv2%2Fcomments&post=95002"}],"version-history":[{"count":1,"href":"https:\/\/www.egemtv.com\/index.php?rest_route=\/wp\/v2\/posts\/95002\/revisions"}],"predecessor-version":[{"id":95004,"href":"https:\/\/www.egemtv.com\/index.php?rest_route=\/wp\/v2\/posts\/95002\/revisions\/95004"}],"wp:featuredmedia":[{"embeddable":true,"href":"https:\/\/www.egemtv.com\/index.php?rest_route=\/wp\/v2\/media\/95003"}],"wp:attachment":[{"href":"https:\/\/www.egemtv.com\/index.php?rest_route=%2Fwp%2Fv2%2Fmedia&parent=95002"}],"wp:term":[{"taxonomy":"category","embeddable":true,"href":"https:\/\/www.egemtv.com\/index.php?rest_route=%2Fwp%2Fv2%2Fcategories&post=95002"},{"taxonomy":"post_tag","embeddable":true,"href":"https:\/\/www.egemtv.com\/index.php?rest_route=%2Fwp%2Fv2%2Ftags&post=95002"}],"curies":[{"name":"wp","href":"https:\/\/api.w.org\/{rel}","templated":true}]}}