{"id":94999,"date":"2026-03-24T08:50:35","date_gmt":"2026-03-24T05:50:35","guid":{"rendered":"https:\/\/www.egemtv.com\/?p=94999"},"modified":"2026-03-24T08:50:36","modified_gmt":"2026-03-24T05:50:36","slug":"ayto-ticaret-egitimine-ev-sahipligi-yapacak","status":"publish","type":"post","link":"https:\/\/www.egemtv.com\/?p=94999","title":{"rendered":"AYTO ticaret e\u011fitimine ev sahipli\u011fi yapacak"},"content":{"rendered":"<p>Ayd\u0131n Ticaret Odas\u0131\u2019n\u0131n (AYTO) ev sahipli\u011finde d\u00fczenlenecek e-ticaret e\u011fitimiyle, esnaf ve giri\u015fimcilerin dijital d\u00f6n\u00fc\u015f\u00fcme uyumu h\u0131zland\u0131r\u0131lacak.<br \/>\n<br \/>Ticaret Bakanl\u0131\u011f\u0131 taraf\u0131ndan y\u00fcr\u00fct\u00fclen, T\u00fcrkiye Odalar ve Borsalar Birli\u011fi (TOBB) ve M\u00fcstakil Sanayici ve \u0130\u015f \u0130nsanlar\u0131 Derne\u011fi (M\u00dcS\u0130AD) i\u015f birli\u011finde hayata ge\u00e7irilen &#8220;E-Ticareti G\u00fc\u00e7lendirme Projesi&#8221; kapsam\u0131nda d\u00fczenlenen ilk e\u011fitim program\u0131, Ayd\u0131n Ticaret Odas\u0131 (AYTO) ev sahipli\u011finde ger\u00e7ekle\u015ftirilecek. 6 Nisan 2026 Pazartesi g\u00fcn\u00fc Ayd\u0131n\u2019da d\u00fczenlenecek programda, esnaf, KOB\u0130 ve giri\u015fimcilerin dijital ticaret alan\u0131ndaki bilgi ve yetkinliklerinin art\u0131r\u0131lmas\u0131 hedefleniyor. AYTO koordinasyonunda ger\u00e7ekle\u015ftirilecek e\u011fitimle i\u015fletmelerin e-ticarete uyum s\u00fcre\u00e7lerinin h\u0131zland\u0131r\u0131lmas\u0131 ama\u00e7lan\u0131yor. Proje kapsam\u0131nda ayr\u0131ca kad\u0131n ve gen\u00e7 giri\u015fimcilerin e-ticaret ekosistemine daha aktif kat\u0131l\u0131m sa\u011flamas\u0131 ve b\u00f6lgesel ticaret hacminin g\u00fc\u00e7lendirilmesi hedefleniyor. E-Ticaret Uyum Endeksi analizleri do\u011frultusunda belirlenen iller aras\u0131nda yer alan Ayd\u0131n\u2019da d\u00fczenlenecek e\u011fitim program\u0131n\u0131n, b\u00f6lge ekonomisinin dijital d\u00f6n\u00fc\u015f\u00fcm\u00fcne katk\u0131 sunmas\u0131 bekleniyor.<br \/>\n<br \/>Ayd\u0131n Ticaret Odas\u0131\u2019nda ger\u00e7ekle\u015ftirilecek e\u011fitim program\u0131 saat 09.30\u2019da ba\u015flayacak. Kat\u0131l\u0131mc\u0131lar\u0131n program\u0131n zaman\u0131nda ba\u015flayabilmesi i\u00e7in en ge\u00e7 saat 09.00\u2019da toplant\u0131 salonunda haz\u0131r bulunmalar\u0131 gerekti\u011fi belirten AYTO, ayr\u0131ca programa kat\u0131lmak isteyenlerin, e-ticaret T\u00fcrkiye isimli internet adresi \u00fczerinden kay\u0131t yapt\u0131rmalar\u0131 gerekti\u011fi bildirildi.<br \/><\/p>\n","protected":false},"excerpt":{"rendered":"<p>Ayd\u0131n Ticaret Odas\u0131\u2019n\u0131n (AYTO) ev sahipli\u011finde d\u00fczenlenecek e-ticaret e\u011fitimiyle, esnaf ve giri\u015fimcilerin dijital d\u00f6n\u00fc\u015f\u00fcme uyumu h\u0131zland\u0131r\u0131lacak. Ticaret Bakanl\u0131\u011f\u0131 taraf\u0131ndan y\u00fcr\u00fct\u00fclen, T\u00fcrkiye Odalar ve Borsalar Birli\u011fi (TOBB) ve M\u00fcstakil Sanayici ve \u0130\u015f \u0130nsanlar\u0131 Derne\u011fi (M\u00dcS\u0130AD) i\u015f birli\u011finde hayata ge\u00e7irilen &#8220;E-Ticareti G\u00fc\u00e7lendirme Projesi&#8221; kapsam\u0131nda d\u00fczenlenen ilk e\u011fitim program\u0131, Ayd\u0131n Ticaret Odas\u0131 (AYTO) ev sahipli\u011finde ger\u00e7ekle\u015ftirilecek. 6 Nisan&#8230;<\/p>\n","protected":false},"author":1,"featured_media":95000,"comment_status":"open","ping_status":"open","sticky":false,"template":"","format":"standard","meta":{"_crdt_document":"","footnotes":""},"categories":[125],"tags":[],"class_list":["post-94999","post","type-post","status-publish","format-standard","has-post-thumbnail","hentry","category-ekonomi"],"_links":{"self":[{"href":"https:\/\/www.egemtv.com\/index.php?rest_route=\/wp\/v2\/posts\/94999","targetHints":{"allow":["GET"]}}],"collection":[{"href":"https:\/\/www.egemtv.com\/index.php?rest_route=\/wp\/v2\/posts"}],"about":[{"href":"https:\/\/www.egemtv.com\/index.php?rest_route=\/wp\/v2\/types\/post"}],"author":[{"embeddable":true,"href":"https:\/\/www.egemtv.com\/index.php?rest_route=\/wp\/v2\/users\/1"}],"replies":[{"embeddable":true,"href":"https:\/\/www.egemtv.com\/index.php?rest_route=%2Fwp%2Fv2%2Fcomments&post=94999"}],"version-history":[{"count":1,"href":"https:\/\/www.egemtv.com\/index.php?rest_route=\/wp\/v2\/posts\/94999\/revisions"}],"predecessor-version":[{"id":95001,"href":"https:\/\/www.egemtv.com\/index.php?rest_route=\/wp\/v2\/posts\/94999\/revisions\/95001"}],"wp:featuredmedia":[{"embeddable":true,"href":"https:\/\/www.egemtv.com\/index.php?rest_route=\/wp\/v2\/media\/95000"}],"wp:attachment":[{"href":"https:\/\/www.egemtv.com\/index.php?rest_route=%2Fwp%2Fv2%2Fmedia&parent=94999"}],"wp:term":[{"taxonomy":"category","embeddable":true,"href":"https:\/\/www.egemtv.com\/index.php?rest_route=%2Fwp%2Fv2%2Fcategories&post=94999"},{"taxonomy":"post_tag","embeddable":true,"href":"https:\/\/www.egemtv.com\/index.php?rest_route=%2Fwp%2Fv2%2Ftags&post=94999"}],"curies":[{"name":"wp","href":"https:\/\/api.w.org\/{rel}","templated":true}]}}