{"id":94996,"date":"2026-03-24T08:50:34","date_gmt":"2026-03-24T05:50:34","guid":{"rendered":"https:\/\/www.egemtv.com\/?p=94996"},"modified":"2026-03-24T08:50:35","modified_gmt":"2026-03-24T05:50:35","slug":"turkiyeden-dunyaya-e-ihracat-konferanslari-denizlide","status":"publish","type":"post","link":"https:\/\/www.egemtv.com\/?p=94996","title":{"rendered":"T\u00fcrkiye\u2019den d\u00fcnyaya e-ihracat konferanslar\u0131 Denizli\u2019de"},"content":{"rendered":"<p>T\u00fcrkiye\u2019den D\u00fcnya\u2019ya E-\u0130hracat Konferanslar\u0131 &#8220;Go Global Prime&#8221;<br \/>\n<br \/>Denizli ile devam ediyor.<\/p>\n<p>25 y\u0131l\u0131 a\u015fk\u0131n e-ticaret tecr\u00fcbesi, 45 \u2018 den fazla B2C ve B2B global pazaryerindeki \u00fcr\u00fcn sat\u0131\u015flar\u0131yla Biggbrands, T\u00fcrk barkalar\u0131n\u0131 d\u00fcnyayla bulu\u015fturmaya devam ediyor. Ticaret Bakanl\u0131\u011f\u0131 taraf\u0131ndan E-\u0130hracat Konsorsiyumu olarak yetkilendirilen firma,<br \/>\n<br \/>hizmet verdi\u011fi T\u00fcrk markalar\u0131n\u0131 kendi geli\u015ftirmi\u015f oldu\u011fu \u00f6zel e-ticaret yaz\u0131l\u0131mlar\u0131 ve<br \/>\n<br \/>Istanbul, K\u00f6ln, New York, Dubai, Riyad ve \u015fimdi de Londra \u2018 daki ofis ve lojistik merkezleri \u00fczerinden uluslararas\u0131 al\u0131c\u0131larla bulu\u015fturuyor. Amazon, Walmart, Wayfair, Otto, Kaufland, Noon, Carrefour, Jumia, Faire, Range Me, Ankorstore ve Tradeling gibi dev pazaryerlerinden al\u0131nan sipari\u015fler firman\u0131n alt yap\u0131s\u0131 \u00fczerinden m\u00fc\u015fterilere g\u00f6nderiliyor.<\/p>\n<p>25 Mart 2026 \u00c7ar\u015famba g\u00fcn\u00fc, Denizli \u0130hracat\u00e7\u0131lar Birli\u011fi\u2019nde d\u00fczenlenecek konferansta firma yetkilileri; T\u00fcrk markalar\u0131n\u0131n k\u00fcresel pazarlara eri\u015fimini h\u0131zland\u0131ran \u00e7ok kanall\u0131 B2C, B2B ve D2C i\u015f modelleri, global lojistik \u00e7\u00f6z\u00fcmleri, yapay zek\u00e2 destekli b\u00fcy\u00fcme stratejileri ve finansal \u00e7\u00f6z\u00fcm modelleri gibi detaylar\u0131 Denizli\u2019nin \u00fcretici i\u015f insanlar\u0131 ile payla\u015facak.<\/p>\n<p>Her biri kendi alan\u0131nda uzman konuk konu\u015fmac\u0131lar Ticaret Bakanl\u0131\u011f\u0131 te\u015fvikleri, Eximbank ihracat\u00e7\u0131 kredileri ve s\u0131n\u0131r \u00f6tesi teslimatlarda e-ihracat\u0131n p\u00fcf noktalar\u0131n\u0131 anlatacak.<br \/><\/p>\n","protected":false},"excerpt":{"rendered":"<p>T\u00fcrkiye\u2019den D\u00fcnya\u2019ya E-\u0130hracat Konferanslar\u0131 &#8220;Go Global Prime&#8221; Denizli ile devam ediyor. 25 y\u0131l\u0131 a\u015fk\u0131n e-ticaret tecr\u00fcbesi, 45 \u2018 den fazla B2C ve B2B global pazaryerindeki \u00fcr\u00fcn sat\u0131\u015flar\u0131yla Biggbrands, T\u00fcrk barkalar\u0131n\u0131 d\u00fcnyayla bulu\u015fturmaya devam ediyor. Ticaret Bakanl\u0131\u011f\u0131 taraf\u0131ndan E-\u0130hracat Konsorsiyumu olarak yetkilendirilen firma, hizmet verdi\u011fi T\u00fcrk markalar\u0131n\u0131 kendi geli\u015ftirmi\u015f oldu\u011fu \u00f6zel e-ticaret yaz\u0131l\u0131mlar\u0131 ve Istanbul, K\u00f6ln,&#8230;<\/p>\n","protected":false},"author":1,"featured_media":94997,"comment_status":"open","ping_status":"open","sticky":false,"template":"","format":"standard","meta":{"_crdt_document":"","footnotes":""},"categories":[125],"tags":[],"class_list":["post-94996","post","type-post","status-publish","format-standard","has-post-thumbnail","hentry","category-ekonomi"],"_links":{"self":[{"href":"https:\/\/www.egemtv.com\/index.php?rest_route=\/wp\/v2\/posts\/94996","targetHints":{"allow":["GET"]}}],"collection":[{"href":"https:\/\/www.egemtv.com\/index.php?rest_route=\/wp\/v2\/posts"}],"about":[{"href":"https:\/\/www.egemtv.com\/index.php?rest_route=\/wp\/v2\/types\/post"}],"author":[{"embeddable":true,"href":"https:\/\/www.egemtv.com\/index.php?rest_route=\/wp\/v2\/users\/1"}],"replies":[{"embeddable":true,"href":"https:\/\/www.egemtv.com\/index.php?rest_route=%2Fwp%2Fv2%2Fcomments&post=94996"}],"version-history":[{"count":1,"href":"https:\/\/www.egemtv.com\/index.php?rest_route=\/wp\/v2\/posts\/94996\/revisions"}],"predecessor-version":[{"id":94998,"href":"https:\/\/www.egemtv.com\/index.php?rest_route=\/wp\/v2\/posts\/94996\/revisions\/94998"}],"wp:featuredmedia":[{"embeddable":true,"href":"https:\/\/www.egemtv.com\/index.php?rest_route=\/wp\/v2\/media\/94997"}],"wp:attachment":[{"href":"https:\/\/www.egemtv.com\/index.php?rest_route=%2Fwp%2Fv2%2Fmedia&parent=94996"}],"wp:term":[{"taxonomy":"category","embeddable":true,"href":"https:\/\/www.egemtv.com\/index.php?rest_route=%2Fwp%2Fv2%2Fcategories&post=94996"},{"taxonomy":"post_tag","embeddable":true,"href":"https:\/\/www.egemtv.com\/index.php?rest_route=%2Fwp%2Fv2%2Ftags&post=94996"}],"curies":[{"name":"wp","href":"https:\/\/api.w.org\/{rel}","templated":true}]}}